{"id":21985,"date":"2025-09-14T20:48:28","date_gmt":"2025-09-14T18:48:28","guid":{"rendered":"https:\/\/wgphoto.pl\/t\/?p=21985"},"modified":"2025-09-14T20:48:28","modified_gmt":"2025-09-14T18:48:28","slug":"to-bylo-doprawdy-niebezpieczne","status":"publish","type":"post","link":"http:\/\/wgphoto.pl\/t\/?p=21985","title":{"rendered":"To by\u0142o doprawdy niebezpieczne!"},"content":{"rendered":"\n<figure class=\"wp-block-image aligncenter size-full\"><img loading=\"lazy\" decoding=\"async\" width=\"1399\" height=\"933\" src=\"https:\/\/wgphoto.pl\/t\/wp-content\/uploads\/2025\/09\/DSCF9913.jpg\" alt=\"\" class=\"wp-image-21986\" srcset=\"http:\/\/wgphoto.pl\/t\/wp-content\/uploads\/2025\/09\/DSCF9913.jpg 1399w, http:\/\/wgphoto.pl\/t\/wp-content\/uploads\/2025\/09\/DSCF9913-300x200.jpg 300w, http:\/\/wgphoto.pl\/t\/wp-content\/uploads\/2025\/09\/DSCF9913-768x512.jpg 768w\" sizes=\"auto, (max-width: 1399px) 100vw, 1399px\" \/><\/figure>\n\n\n\n<div class=\"wp-block-group has-global-padding is-layout-constrained wp-block-group-is-layout-constrained\">\n<p>Hitachi ETR521 w barwach Regionale, jakie widywa\u0142em w mniejszo\u015bci wzgl\u0119dem czarnych, w drodze z Wenecji najprawdopodobniej do Udine (tak du\u017co tych poci\u0105g\u00f3w, \u017ce ci\u0119\u017cko dopasowa\u0107 do rozk\u0142adu) przeje\u017cd\u017ca nad Piaw\u0105 w miejscowo\u015bci Ponte della Priula, obok przystanku Susegana, na szlaku Spresiano &#8211; Conegliano. Foto powsta\u0142o z mostu drogowego, gdzie za barier\u0105 energoch\u0142onn\u0105 wydzielono nawet chodnik. Sta\u0142em tam mo\u017ce kwadrans, czekaj\u0105c na pierwszy poci\u0105g jaki pojedzie. I tym razem przyci\u0105gn\u0105\u0142em jednak uwag\u0119 carabinier\u00f3w, kt\u00f3rzy specjalnie dla mnie zatrzymali si\u0119 na \u015brodku mostu tamuj\u0105c ruch aut i pr\u00f3buj\u0105c mnie zapewne stamt\u0105d wygoni\u0107. Zapewne, bo po w\u0142osku nie zrozumia\u0142em, a po angielsku jedyne co funkcjonariusz z siebie wydusi\u0142, to \u017ce &#8222;it&#8217;s dangerous&#8221; &#8211; rzeczone stanie na chodniku, jak rozumiem\u2026 17.07.2025<\/p>\n<\/div>\n","protected":false},"excerpt":{"rendered":"<p>Hitachi ETR521 w barwach Regionale, jakie widywa\u0142em w mniejszo\u015bci wzgl\u0119dem czarnych, w drodze z Wenecji najprawdopodobniej do Udine (tak du\u017co tych poci\u0105g\u00f3w, \u017ce ci\u0119\u017cko dopasowa\u0107 do rozk\u0142adu) przeje\u017cd\u017ca nad Piaw\u0105 w miejscowo\u015bci Ponte della Priula, obok przystanku Susegana, na szlaku Spresiano &#8211; Conegliano. Foto powsta\u0142o z mostu drogowego, gdzie za barier\u0105 energoch\u0142onn\u0105 wydzielono nawet chodnik. [&hellip;]<\/p>\n","protected":false},"author":1,"featured_media":21986,"comment_status":"open","ping_status":"","sticky":false,"template":"","format":"standard","meta":{"footnotes":""},"categories":[2,3208],"tags":[4472,112,4475,45,4474,4458,110],"class_list":["post-21985","post","type-post","status-publish","format-standard","has-post-thumbnail","hentry","category-kolej","category-rok-2025","tag-2025-07-17","tag-fs","tag-hitachi-caravaggio","tag-most","tag-susegana","tag-wakacje-2025","tag-wlochy"],"_links":{"self":[{"href":"http:\/\/wgphoto.pl\/t\/index.php?rest_route=\/wp\/v2\/posts\/21985","targetHints":{"allow":["GET"]}}],"collection":[{"href":"http:\/\/wgphoto.pl\/t\/index.php?rest_route=\/wp\/v2\/posts"}],"about":[{"href":"http:\/\/wgphoto.pl\/t\/index.php?rest_route=\/wp\/v2\/types\/post"}],"author":[{"embeddable":true,"href":"http:\/\/wgphoto.pl\/t\/index.php?rest_route=\/wp\/v2\/users\/1"}],"replies":[{"embeddable":true,"href":"http:\/\/wgphoto.pl\/t\/index.php?rest_route=%2Fwp%2Fv2%2Fcomments&post=21985"}],"version-history":[{"count":1,"href":"http:\/\/wgphoto.pl\/t\/index.php?rest_route=\/wp\/v2\/posts\/21985\/revisions"}],"predecessor-version":[{"id":21987,"href":"http:\/\/wgphoto.pl\/t\/index.php?rest_route=\/wp\/v2\/posts\/21985\/revisions\/21987"}],"wp:featuredmedia":[{"embeddable":true,"href":"http:\/\/wgphoto.pl\/t\/index.php?rest_route=\/wp\/v2\/media\/21986"}],"wp:attachment":[{"href":"http:\/\/wgphoto.pl\/t\/index.php?rest_route=%2Fwp%2Fv2%2Fmedia&parent=21985"}],"wp:term":[{"taxonomy":"category","embeddable":true,"href":"http:\/\/wgphoto.pl\/t\/index.php?rest_route=%2Fwp%2Fv2%2Fcategories&post=21985"},{"taxonomy":"post_tag","embeddable":true,"href":"http:\/\/wgphoto.pl\/t\/index.php?rest_route=%2Fwp%2Fv2%2Ftags&post=21985"}],"curies":[{"name":"wp","href":"https:\/\/api.w.org\/{rel}","templated":true}]}}