{"id":2206,"date":"2024-10-10T17:19:49","date_gmt":"2024-10-10T15:19:49","guid":{"rendered":"https:\/\/wgphoto.pl\/t\/?p=2206"},"modified":"2024-10-10T17:19:49","modified_gmt":"2024-10-10T15:19:49","slug":"tramwajowa-pocztowka-z-torunia","status":"publish","type":"post","link":"http:\/\/wgphoto.pl\/t\/?p=2206","title":{"rendered":"Tramwajowa poczt\u00f3wka z Torunia"},"content":{"rendered":"\n<figure class=\"wp-block-image aligncenter size-full\"><img loading=\"lazy\" decoding=\"async\" width=\"700\" height=\"1056\" src=\"https:\/\/wgphoto.pl\/t\/wp-content\/uploads\/2024\/10\/0520-37.jpg\" alt=\"\" class=\"wp-image-2207\" srcset=\"http:\/\/wgphoto.pl\/t\/wp-content\/uploads\/2024\/10\/0520-37.jpg 700w, http:\/\/wgphoto.pl\/t\/wp-content\/uploads\/2024\/10\/0520-37-199x300.jpg 199w\" sizes=\"auto, (max-width: 700px) 100vw, 700px\" \/><\/figure>\n\n\n\n<div class=\"wp-block-group has-global-padding is-layout-constrained wp-block-group-is-layout-constrained\">\n<p>Toru\u0144, pl. \u015aw. Katarzyny. Sk\u0142ady 213+214 i 250+251 mijaj\u0105 si\u0119 obok ko\u015bcio\u0142a garnizonowego pod wezwaniem patronki placu. 30.07.2005<\/p>\n<\/div>\n","protected":false},"excerpt":{"rendered":"<p>Toru\u0144, pl. \u015aw. Katarzyny. Sk\u0142ady 213+214 i 250+251 mijaj\u0105 si\u0119 obok ko\u015bcio\u0142a garnizonowego pod wezwaniem patronki placu. 30.07.2005<\/p>\n","protected":false},"author":1,"featured_media":2207,"comment_status":"open","ping_status":"","sticky":false,"template":"","format":"standard","meta":{"footnotes":""},"categories":[62,128,311,3],"tags":[1156,34,916,389,919,27,917],"class_list":["post-2206","post","type-post","status-publish","format-standard","has-post-thumbnail","hentry","category-analog","category-pionowe","category-rok-2005","category-tramwaj","tag-2005-07-30","tag-architektura","tag-konstal-805na","tag-mijanka","tag-mzk-torun","tag-polska","tag-torun"],"_links":{"self":[{"href":"http:\/\/wgphoto.pl\/t\/index.php?rest_route=\/wp\/v2\/posts\/2206","targetHints":{"allow":["GET"]}}],"collection":[{"href":"http:\/\/wgphoto.pl\/t\/index.php?rest_route=\/wp\/v2\/posts"}],"about":[{"href":"http:\/\/wgphoto.pl\/t\/index.php?rest_route=\/wp\/v2\/types\/post"}],"author":[{"embeddable":true,"href":"http:\/\/wgphoto.pl\/t\/index.php?rest_route=\/wp\/v2\/users\/1"}],"replies":[{"embeddable":true,"href":"http:\/\/wgphoto.pl\/t\/index.php?rest_route=%2Fwp%2Fv2%2Fcomments&post=2206"}],"version-history":[{"count":1,"href":"http:\/\/wgphoto.pl\/t\/index.php?rest_route=\/wp\/v2\/posts\/2206\/revisions"}],"predecessor-version":[{"id":2208,"href":"http:\/\/wgphoto.pl\/t\/index.php?rest_route=\/wp\/v2\/posts\/2206\/revisions\/2208"}],"wp:featuredmedia":[{"embeddable":true,"href":"http:\/\/wgphoto.pl\/t\/index.php?rest_route=\/wp\/v2\/media\/2207"}],"wp:attachment":[{"href":"http:\/\/wgphoto.pl\/t\/index.php?rest_route=%2Fwp%2Fv2%2Fmedia&parent=2206"}],"wp:term":[{"taxonomy":"category","embeddable":true,"href":"http:\/\/wgphoto.pl\/t\/index.php?rest_route=%2Fwp%2Fv2%2Fcategories&post=2206"},{"taxonomy":"post_tag","embeddable":true,"href":"http:\/\/wgphoto.pl\/t\/index.php?rest_route=%2Fwp%2Fv2%2Ftags&post=2206"}],"curies":[{"name":"wp","href":"https:\/\/api.w.org\/{rel}","templated":true}]}}