{"id":22069,"date":"2025-09-29T17:45:18","date_gmt":"2025-09-29T15:45:18","guid":{"rendered":"https:\/\/wgphoto.pl\/t\/?p=22069"},"modified":"2025-09-29T18:02:16","modified_gmt":"2025-09-29T16:02:16","slug":"emeryt-wciaz-na-sluzbie","status":"publish","type":"post","link":"http:\/\/wgphoto.pl\/t\/?p=22069","title":{"rendered":"Emeryt wci\u0105\u017c na s\u0142u\u017cbie"},"content":{"rendered":"\n<figure class=\"wp-block-image aligncenter size-full\"><img loading=\"lazy\" decoding=\"async\" width=\"1400\" height=\"933\" src=\"https:\/\/wgphoto.pl\/t\/wp-content\/uploads\/2025\/09\/DSCF1003.jpg\" alt=\"\" class=\"wp-image-22070\" srcset=\"http:\/\/wgphoto.pl\/t\/wp-content\/uploads\/2025\/09\/DSCF1003.jpg 1400w, http:\/\/wgphoto.pl\/t\/wp-content\/uploads\/2025\/09\/DSCF1003-300x200.jpg 300w, http:\/\/wgphoto.pl\/t\/wp-content\/uploads\/2025\/09\/DSCF1003-768x512.jpg 768w\" sizes=\"auto, (max-width: 1400px) 100vw, 1400px\" \/><\/figure>\n\n\n\n<div class=\"wp-block-group has-global-padding is-layout-constrained wp-block-group-is-layout-constrained\">\n<p>W Austrii znajduje si\u0119 sporo zelektryfikowanych lokalek o rodowodzie z ko\u0144ca XIX wieku, kiedy to Josef Stern i Franz Hafferl za\u0142o\u017cyli sp\u00f3\u0142k\u0119. Panowie byli najwidoczniej zafascynowani kolej\u0105 oraz energi\u0105 elektryczn\u0105, gdy\u017c opr\u00f3cz lokalnych tras budowali tak\u017ce elektrownie, a st\u0105d ju\u017c prosta droga do rozwieszenia sieci trakcyjnej nad torami. Przedsi\u0119biorstwo Stern &amp; Hafferl Verkehrsgesellschaft m.b.H. do dzi\u015b zajmuje si\u0119 przewozami pasa\u017cerskimi (r\u00f3wnie\u017c autobusowymi) i pozosta\u0142o operatorem na niek\u00f3rych lokalkach. Ta, na kt\u00f3rej si\u0119 znajdujemy, \u0142\u0105czy Lambach (stacja styczna z Westbahnem) i Vorchdorf-Eggenberg (stacja styczna z tramwajem do Gmunden, tak\u017ce obs\u0142ugiwanym przez Stern Hafferl). Kursuje tu wiele starych i jeszcze starszych pojazd\u00f3w, pozbieranych z r\u00f3\u017cnych odr\u0119bnych tras. Wagon ze zdj\u0119cia nawet nie ukrywa, sk\u0105d pochodzi. Jest to w\u00f3z typu T4 (wg nazewnictwa tramwajowego) produkcji SGP, rocznik 1951, i opr\u00f3cz numeru 32 z Salzburga posiada tak\u017ce oznaczenie 22 108. Pomimo swojego wieku nie jest \u017cadn\u0105 retro-atrakcj\u0105, lecz zapewnia regularne kursy. Na zdj\u0119ciu zosta\u0142 z\u0142apany na \u0142uku za mijank\u0105 Bad Wimsbach-Neydharting. 23.07.2025<\/p>\n<\/div>\n","protected":false},"excerpt":{"rendered":"<p>W Austrii znajduje si\u0119 sporo zelektryfikowanych lokalek o rodowodzie z ko\u0144ca XIX wieku, kiedy to Josef Stern i Franz Hafferl za\u0142o\u017cyli sp\u00f3\u0142k\u0119. Panowie byli najwidoczniej zafascynowani kolej\u0105 oraz energi\u0105 elektryczn\u0105, gdy\u017c opr\u00f3cz lokalnych tras budowali tak\u017ce elektrownie, a st\u0105d ju\u017c prosta droga do rozwieszenia sieci trakcyjnej nad torami. Przedsi\u0119biorstwo Stern &amp; Hafferl Verkehrsgesellschaft m.b.H. do [&hellip;]<\/p>\n","protected":false},"author":1,"featured_media":22070,"comment_status":"open","ping_status":"","sticky":false,"template":"","format":"standard","meta":{"footnotes":""},"categories":[2,3208],"tags":[4481,9,4544,114,4546,4543,4545,4458],"class_list":["post-22069","post","type-post","status-publish","format-standard","has-post-thumbnail","hentry","category-kolej","category-rok-2025","tag-2025-07-23","tag-austria","tag-bad-wimsbach-neydharting","tag-gory","tag-lokalbahn-lambach-vorchdorf-eggenberg","tag-stadl-paura","tag-stern-hafferl-verkehr","tag-wakacje-2025"],"_links":{"self":[{"href":"http:\/\/wgphoto.pl\/t\/index.php?rest_route=\/wp\/v2\/posts\/22069","targetHints":{"allow":["GET"]}}],"collection":[{"href":"http:\/\/wgphoto.pl\/t\/index.php?rest_route=\/wp\/v2\/posts"}],"about":[{"href":"http:\/\/wgphoto.pl\/t\/index.php?rest_route=\/wp\/v2\/types\/post"}],"author":[{"embeddable":true,"href":"http:\/\/wgphoto.pl\/t\/index.php?rest_route=\/wp\/v2\/users\/1"}],"replies":[{"embeddable":true,"href":"http:\/\/wgphoto.pl\/t\/index.php?rest_route=%2Fwp%2Fv2%2Fcomments&post=22069"}],"version-history":[{"count":3,"href":"http:\/\/wgphoto.pl\/t\/index.php?rest_route=\/wp\/v2\/posts\/22069\/revisions"}],"predecessor-version":[{"id":22073,"href":"http:\/\/wgphoto.pl\/t\/index.php?rest_route=\/wp\/v2\/posts\/22069\/revisions\/22073"}],"wp:featuredmedia":[{"embeddable":true,"href":"http:\/\/wgphoto.pl\/t\/index.php?rest_route=\/wp\/v2\/media\/22070"}],"wp:attachment":[{"href":"http:\/\/wgphoto.pl\/t\/index.php?rest_route=%2Fwp%2Fv2%2Fmedia&parent=22069"}],"wp:term":[{"taxonomy":"category","embeddable":true,"href":"http:\/\/wgphoto.pl\/t\/index.php?rest_route=%2Fwp%2Fv2%2Fcategories&post=22069"},{"taxonomy":"post_tag","embeddable":true,"href":"http:\/\/wgphoto.pl\/t\/index.php?rest_route=%2Fwp%2Fv2%2Ftags&post=22069"}],"curies":[{"name":"wp","href":"https:\/\/api.w.org\/{rel}","templated":true}]}}