{"id":22074,"date":"2025-09-30T17:30:20","date_gmt":"2025-09-30T15:30:20","guid":{"rendered":"https:\/\/wgphoto.pl\/t\/?p=22074"},"modified":"2026-01-10T19:03:51","modified_gmt":"2026-01-10T18:03:51","slug":"pociag-i-jablka","status":"publish","type":"post","link":"http:\/\/wgphoto.pl\/t\/?p=22074","title":{"rendered":"Poci\u0105g i jab\u0142ka"},"content":{"rendered":"\n<figure class=\"wp-block-image aligncenter size-full\"><img loading=\"lazy\" decoding=\"async\" width=\"1400\" height=\"933\" src=\"https:\/\/wgphoto.pl\/t\/wp-content\/uploads\/2025\/09\/DSCF0334.jpg\" alt=\"\" class=\"wp-image-22075\" srcset=\"http:\/\/wgphoto.pl\/t\/wp-content\/uploads\/2025\/09\/DSCF0334.jpg 1400w, http:\/\/wgphoto.pl\/t\/wp-content\/uploads\/2025\/09\/DSCF0334-300x200.jpg 300w, http:\/\/wgphoto.pl\/t\/wp-content\/uploads\/2025\/09\/DSCF0334-768x512.jpg 768w\" sizes=\"auto, (max-width: 1400px) 100vw, 1400px\" \/><\/figure>\n\n\n\n<div class=\"wp-block-group has-global-padding is-layout-constrained wp-block-group-is-layout-constrained\">\n<p>Traxx trzeciej generacji z poci\u0105giem w kierunku prze\u0142\u0119czy Brenner zbli\u017ca si\u0119 do miejscowo\u015bci Ora-Auer. Niestety nie zd\u0105\u017cy\u0142em trafi\u0107 z lusterkiem, bo poci\u0105g wyskoczy\u0142 zza jab\u0142kowego sadu zbyt nagle i nie by\u0142o go wcze\u015bniej s\u0142ycha\u0107. Takie w\u0142a\u015bnie sady, wraz z rozleg\u0142ymi winnicami, stanowi\u0105 wizyt\u00f3wk\u0119 doliny Adygi. 20.07.2025<\/p>\n<\/div>\n","protected":false},"excerpt":{"rendered":"<p>Traxx trzeciej generacji z poci\u0105giem w kierunku prze\u0142\u0119czy Brenner zbli\u017ca si\u0119 do miejscowo\u015bci Ora-Auer. Niestety nie zd\u0105\u017cy\u0142em trafi\u0107 z lusterkiem, bo poci\u0105g wyskoczy\u0142 zza jab\u0142kowego sadu zbyt nagle i nie by\u0142o go wcze\u015bniej s\u0142ycha\u0107. Takie w\u0142a\u015bnie sady, wraz z rozleg\u0142ymi winnicami, stanowi\u0105 wizyt\u00f3wk\u0119 doliny Adygi. 20.07.2025<\/p>\n","protected":false},"author":1,"featured_media":22075,"comment_status":"open","ping_status":"","sticky":false,"template":"","format":"standard","meta":{"footnotes":""},"categories":[2,3208],"tags":[4497,4461,112,114,4547,73,2286,4458,110],"class_list":["post-22074","post","type-post","status-publish","format-standard","has-post-thumbnail","hentry","category-kolej","category-rok-2025","tag-2025-07-20","tag-brennerbahn","tag-fs","tag-gory","tag-ora-auer","tag-rzeka","tag-traxx","tag-wakacje-2025","tag-wlochy"],"_links":{"self":[{"href":"http:\/\/wgphoto.pl\/t\/index.php?rest_route=\/wp\/v2\/posts\/22074","targetHints":{"allow":["GET"]}}],"collection":[{"href":"http:\/\/wgphoto.pl\/t\/index.php?rest_route=\/wp\/v2\/posts"}],"about":[{"href":"http:\/\/wgphoto.pl\/t\/index.php?rest_route=\/wp\/v2\/types\/post"}],"author":[{"embeddable":true,"href":"http:\/\/wgphoto.pl\/t\/index.php?rest_route=\/wp\/v2\/users\/1"}],"replies":[{"embeddable":true,"href":"http:\/\/wgphoto.pl\/t\/index.php?rest_route=%2Fwp%2Fv2%2Fcomments&post=22074"}],"version-history":[{"count":1,"href":"http:\/\/wgphoto.pl\/t\/index.php?rest_route=\/wp\/v2\/posts\/22074\/revisions"}],"predecessor-version":[{"id":22076,"href":"http:\/\/wgphoto.pl\/t\/index.php?rest_route=\/wp\/v2\/posts\/22074\/revisions\/22076"}],"wp:featuredmedia":[{"embeddable":true,"href":"http:\/\/wgphoto.pl\/t\/index.php?rest_route=\/wp\/v2\/media\/22075"}],"wp:attachment":[{"href":"http:\/\/wgphoto.pl\/t\/index.php?rest_route=%2Fwp%2Fv2%2Fmedia&parent=22074"}],"wp:term":[{"taxonomy":"category","embeddable":true,"href":"http:\/\/wgphoto.pl\/t\/index.php?rest_route=%2Fwp%2Fv2%2Fcategories&post=22074"},{"taxonomy":"post_tag","embeddable":true,"href":"http:\/\/wgphoto.pl\/t\/index.php?rest_route=%2Fwp%2Fv2%2Ftags&post=22074"}],"curies":[{"name":"wp","href":"https:\/\/api.w.org\/{rel}","templated":true}]}}