{"id":22077,"date":"2025-09-30T17:58:48","date_gmt":"2025-09-30T15:58:48","guid":{"rendered":"https:\/\/wgphoto.pl\/t\/?p=22077"},"modified":"2026-01-10T19:03:39","modified_gmt":"2026-01-10T18:03:39","slug":"lokomotywa-bywa-niespodzianka","status":"publish","type":"post","link":"http:\/\/wgphoto.pl\/t\/?p=22077","title":{"rendered":"Lokomotywa bywa niespodziank\u0105"},"content":{"rendered":"\n<figure class=\"wp-block-image aligncenter size-full\"><img loading=\"lazy\" decoding=\"async\" width=\"1400\" height=\"933\" src=\"https:\/\/wgphoto.pl\/t\/wp-content\/uploads\/2025\/09\/DSCF0343.jpg\" alt=\"\" class=\"wp-image-22078\" srcset=\"http:\/\/wgphoto.pl\/t\/wp-content\/uploads\/2025\/09\/DSCF0343.jpg 1400w, http:\/\/wgphoto.pl\/t\/wp-content\/uploads\/2025\/09\/DSCF0343-300x200.jpg 300w, http:\/\/wgphoto.pl\/t\/wp-content\/uploads\/2025\/09\/DSCF0343-768x512.jpg 768w\" sizes=\"auto, (max-width: 1400px) 100vw, 1400px\" \/><\/figure>\n\n\n\n<div class=\"wp-block-group has-global-padding is-layout-constrained wp-block-group-is-layout-constrained\">\n<p>E464.122 z poci\u0105giem R16604 Trento &#8211; Bolzano-Bozen za chwil\u0119 zatrzyma si\u0119 na przystanku Ora-Auer. Zasadnicze zestawienie wagonowych osob\u00f3wek przewidywa\u0142o wagon sterowniczy zawsze od tej strony, wi\u0119c i tak mi si\u0119 poszcz\u0119\u015bci\u0142o, \u017ce pojecha\u0142 push-pull na dwie lokomotywy. Tak, czasami lokomotywa na czele poci\u0105gu bywa niespodziank\u0105. 20.07.2025<\/p>\n<\/div>\n","protected":false},"excerpt":{"rendered":"<p>E464.122 z poci\u0105giem R16604 Trento &#8211; Bolzano-Bozen za chwil\u0119 zatrzyma si\u0119 na przystanku Ora-Auer. Zasadnicze zestawienie wagonowych osob\u00f3wek przewidywa\u0142o wagon sterowniczy zawsze od tej strony, wi\u0119c i tak mi si\u0119 poszcz\u0119\u015bci\u0142o, \u017ce pojecha\u0142 push-pull na dwie lokomotywy. Tak, czasami lokomotywa na czele poci\u0105gu bywa niespodziank\u0105. 20.07.2025<\/p>\n","protected":false},"author":1,"featured_media":22078,"comment_status":"open","ping_status":"","sticky":false,"template":"","format":"standard","meta":{"footnotes":""},"categories":[2,3208],"tags":[4497,4461,1619,112,114,4547,4458,110],"class_list":["post-22077","post","type-post","status-publish","format-standard","has-post-thumbnail","hentry","category-kolej","category-rok-2025","tag-2025-07-20","tag-brennerbahn","tag-e464","tag-fs","tag-gory","tag-ora-auer","tag-wakacje-2025","tag-wlochy"],"_links":{"self":[{"href":"http:\/\/wgphoto.pl\/t\/index.php?rest_route=\/wp\/v2\/posts\/22077","targetHints":{"allow":["GET"]}}],"collection":[{"href":"http:\/\/wgphoto.pl\/t\/index.php?rest_route=\/wp\/v2\/posts"}],"about":[{"href":"http:\/\/wgphoto.pl\/t\/index.php?rest_route=\/wp\/v2\/types\/post"}],"author":[{"embeddable":true,"href":"http:\/\/wgphoto.pl\/t\/index.php?rest_route=\/wp\/v2\/users\/1"}],"replies":[{"embeddable":true,"href":"http:\/\/wgphoto.pl\/t\/index.php?rest_route=%2Fwp%2Fv2%2Fcomments&post=22077"}],"version-history":[{"count":1,"href":"http:\/\/wgphoto.pl\/t\/index.php?rest_route=\/wp\/v2\/posts\/22077\/revisions"}],"predecessor-version":[{"id":22079,"href":"http:\/\/wgphoto.pl\/t\/index.php?rest_route=\/wp\/v2\/posts\/22077\/revisions\/22079"}],"wp:featuredmedia":[{"embeddable":true,"href":"http:\/\/wgphoto.pl\/t\/index.php?rest_route=\/wp\/v2\/media\/22078"}],"wp:attachment":[{"href":"http:\/\/wgphoto.pl\/t\/index.php?rest_route=%2Fwp%2Fv2%2Fmedia&parent=22077"}],"wp:term":[{"taxonomy":"category","embeddable":true,"href":"http:\/\/wgphoto.pl\/t\/index.php?rest_route=%2Fwp%2Fv2%2Fcategories&post=22077"},{"taxonomy":"post_tag","embeddable":true,"href":"http:\/\/wgphoto.pl\/t\/index.php?rest_route=%2Fwp%2Fv2%2Ftags&post=22077"}],"curies":[{"name":"wp","href":"https:\/\/api.w.org\/{rel}","templated":true}]}}