{"id":22080,"date":"2025-09-30T18:00:12","date_gmt":"2025-09-30T16:00:12","guid":{"rendered":"https:\/\/wgphoto.pl\/t\/?p=22080"},"modified":"2025-09-30T18:35:50","modified_gmt":"2025-09-30T16:35:50","slug":"witamy-gmunden","status":"publish","type":"post","link":"http:\/\/wgphoto.pl\/t\/?p=22080","title":{"rendered":"Witamy Gmunden"},"content":{"rendered":"\n<figure class=\"wp-block-image aligncenter size-full\"><img loading=\"lazy\" decoding=\"async\" width=\"1400\" height=\"933\" src=\"https:\/\/wgphoto.pl\/t\/wp-content\/uploads\/2025\/09\/DSCF0893.jpg\" alt=\"\" class=\"wp-image-22081\" srcset=\"http:\/\/wgphoto.pl\/t\/wp-content\/uploads\/2025\/09\/DSCF0893.jpg 1400w, http:\/\/wgphoto.pl\/t\/wp-content\/uploads\/2025\/09\/DSCF0893-300x200.jpg 300w, http:\/\/wgphoto.pl\/t\/wp-content\/uploads\/2025\/09\/DSCF0893-768x512.jpg 768w\" sizes=\"auto, (max-width: 1400px) 100vw, 1400px\" \/><\/figure>\n\n\n\n<div class=\"wp-block-group has-global-padding is-layout-constrained wp-block-group-is-layout-constrained\">\n<p>Tramlink nr 127 zatrzyma\u0142 si\u0119 na przystanku pod ratuszem w Gmunden. Miejscowa sie\u0107 tramwajowa jest najmniejsz\u0105 w Austrii. Do 2018 roku liczy\u0142a niespe\u0142na 3 km i \u0142\u0105czy\u0142a dworzec kolejowy z centrum tego 13-tysi\u0119cznego miasteczka w G\u00f3rnej Austrii. W rzeczonym 2018 roku tras\u0119 po\u0142\u0105czono z niegdysiejsz\u0105 lokalk\u0105 do Vorchdorf-Eggenberg &#8211; to kolejna zelektryfikowana od otwarcia (w 1912 r.) trasa pan\u00f3w Sterna i Hafferla, kt\u00f3r\u0105 po remoncie przystosowano do ruchu niskopod\u0142ogowych tramwaj\u00f3w. W ten spos\u00f3b tramwaje pokonuj\u0105 dzi\u015b a\u017c 18 kilometr\u00f3w, a w Vorchdorfie-Eggenbergu mo\u017cna si\u0119 przesi\u0105\u015b\u0107 niemal peron w peron do prezentowanej par\u0119 dni temu lokalki do Lambachu. Tych z kolei tras nie po\u0142\u0105czono z uwagi na odmienny rozstaw szyn, Tramlink ze zdj\u0119cia korzysta bowiem z prze\u015bwitu 1000 mm, wobec 1435 mm na odcinku Vorchdorf-Eggenberg &#8211; Lambach. Foto jest fotograficznym debiutem kolejnej sieci tramwajowej. 23.07.2025<\/p>\n<\/div>\n","protected":false},"excerpt":{"rendered":"<p>Tramlink nr 127 zatrzyma\u0142 si\u0119 na przystanku pod ratuszem w Gmunden. Miejscowa sie\u0107 tramwajowa jest najmniejsz\u0105 w Austrii. Do 2018 roku liczy\u0142a niespe\u0142na 3 km i \u0142\u0105czy\u0142a dworzec kolejowy z centrum tego 13-tysi\u0119cznego miasteczka w G\u00f3rnej Austrii. W rzeczonym 2018 roku tras\u0119 po\u0142\u0105czono z niegdysiejsz\u0105 lokalk\u0105 do Vorchdorf-Eggenberg &#8211; to kolejna zelektryfikowana od otwarcia (w [&hellip;]<\/p>\n","protected":false},"author":1,"featured_media":22081,"comment_status":"open","ping_status":"","sticky":false,"template":"","format":"standard","meta":{"footnotes":""},"categories":[3208,3],"tags":[4481,34,9,4548,4545,4549,4458],"class_list":["post-22080","post","type-post","status-publish","format-standard","has-post-thumbnail","hentry","category-rok-2025","category-tramwaj","tag-2025-07-23","tag-architektura","tag-austria","tag-gmunden","tag-stern-hafferl-verkehr","tag-vossloh-tramlink","tag-wakacje-2025"],"_links":{"self":[{"href":"http:\/\/wgphoto.pl\/t\/index.php?rest_route=\/wp\/v2\/posts\/22080","targetHints":{"allow":["GET"]}}],"collection":[{"href":"http:\/\/wgphoto.pl\/t\/index.php?rest_route=\/wp\/v2\/posts"}],"about":[{"href":"http:\/\/wgphoto.pl\/t\/index.php?rest_route=\/wp\/v2\/types\/post"}],"author":[{"embeddable":true,"href":"http:\/\/wgphoto.pl\/t\/index.php?rest_route=\/wp\/v2\/users\/1"}],"replies":[{"embeddable":true,"href":"http:\/\/wgphoto.pl\/t\/index.php?rest_route=%2Fwp%2Fv2%2Fcomments&post=22080"}],"version-history":[{"count":5,"href":"http:\/\/wgphoto.pl\/t\/index.php?rest_route=\/wp\/v2\/posts\/22080\/revisions"}],"predecessor-version":[{"id":22090,"href":"http:\/\/wgphoto.pl\/t\/index.php?rest_route=\/wp\/v2\/posts\/22080\/revisions\/22090"}],"wp:featuredmedia":[{"embeddable":true,"href":"http:\/\/wgphoto.pl\/t\/index.php?rest_route=\/wp\/v2\/media\/22081"}],"wp:attachment":[{"href":"http:\/\/wgphoto.pl\/t\/index.php?rest_route=%2Fwp%2Fv2%2Fmedia&parent=22080"}],"wp:term":[{"taxonomy":"category","embeddable":true,"href":"http:\/\/wgphoto.pl\/t\/index.php?rest_route=%2Fwp%2Fv2%2Fcategories&post=22080"},{"taxonomy":"post_tag","embeddable":true,"href":"http:\/\/wgphoto.pl\/t\/index.php?rest_route=%2Fwp%2Fv2%2Ftags&post=22080"}],"curies":[{"name":"wp","href":"https:\/\/api.w.org\/{rel}","templated":true}]}}