{"id":22085,"date":"2025-09-30T18:30:43","date_gmt":"2025-09-30T16:30:43","guid":{"rendered":"https:\/\/wgphoto.pl\/t\/?p=22085"},"modified":"2025-09-30T18:31:14","modified_gmt":"2025-09-30T16:31:14","slug":"tramwaj-polny-3","status":"publish","type":"post","link":"http:\/\/wgphoto.pl\/t\/?p=22085","title":{"rendered":"Tramwaj polny"},"content":{"rendered":"\n<figure class=\"wp-block-image aligncenter size-full\"><img loading=\"lazy\" decoding=\"async\" width=\"1400\" height=\"933\" src=\"https:\/\/wgphoto.pl\/t\/wp-content\/uploads\/2025\/09\/DSCF0949.jpg\" alt=\"\" class=\"wp-image-22086\" srcset=\"http:\/\/wgphoto.pl\/t\/wp-content\/uploads\/2025\/09\/DSCF0949.jpg 1400w, http:\/\/wgphoto.pl\/t\/wp-content\/uploads\/2025\/09\/DSCF0949-300x200.jpg 300w, http:\/\/wgphoto.pl\/t\/wp-content\/uploads\/2025\/09\/DSCF0949-768x512.jpg 768w\" sizes=\"auto, (max-width: 1400px) 100vw, 1400px\" \/><\/figure>\n\n\n\n<div class=\"wp-block-group has-global-padding is-layout-constrained wp-block-group-is-layout-constrained\">\n<p>Jeszcze jedno foto z Gmunden, tym razem z zamiejskiego fragmentu trasy, dawniej na odcinku Lokalbahnu, co zdradzaj\u0105 kolejowe wska\u017aniki obok tramwaju. Wagon nr 131 zaraz zatrzyma si\u0119 na przystanku Lembergweg. 23.07.2025<\/p>\n<\/div>\n","protected":false},"excerpt":{"rendered":"<p>Jeszcze jedno foto z Gmunden, tym razem z zamiejskiego fragmentu trasy, dawniej na odcinku Lokalbahnu, co zdradzaj\u0105 kolejowe wska\u017aniki obok tramwaju. Wagon nr 131 zaraz zatrzyma si\u0119 na przystanku Lembergweg. 23.07.2025<\/p>\n","protected":false},"author":1,"featured_media":22086,"comment_status":"open","ping_status":"","sticky":false,"template":"","format":"standard","meta":{"footnotes":""},"categories":[3208,3],"tags":[4481,9,4548,4545,561,4549,4458],"class_list":["post-22085","post","type-post","status-publish","format-standard","has-post-thumbnail","hentry","category-rok-2025","category-tramwaj","tag-2025-07-23","tag-austria","tag-gmunden","tag-stern-hafferl-verkehr","tag-tramwaj-podmiejski","tag-vossloh-tramlink","tag-wakacje-2025"],"_links":{"self":[{"href":"http:\/\/wgphoto.pl\/t\/index.php?rest_route=\/wp\/v2\/posts\/22085","targetHints":{"allow":["GET"]}}],"collection":[{"href":"http:\/\/wgphoto.pl\/t\/index.php?rest_route=\/wp\/v2\/posts"}],"about":[{"href":"http:\/\/wgphoto.pl\/t\/index.php?rest_route=\/wp\/v2\/types\/post"}],"author":[{"embeddable":true,"href":"http:\/\/wgphoto.pl\/t\/index.php?rest_route=\/wp\/v2\/users\/1"}],"replies":[{"embeddable":true,"href":"http:\/\/wgphoto.pl\/t\/index.php?rest_route=%2Fwp%2Fv2%2Fcomments&post=22085"}],"version-history":[{"count":2,"href":"http:\/\/wgphoto.pl\/t\/index.php?rest_route=\/wp\/v2\/posts\/22085\/revisions"}],"predecessor-version":[{"id":22088,"href":"http:\/\/wgphoto.pl\/t\/index.php?rest_route=\/wp\/v2\/posts\/22085\/revisions\/22088"}],"wp:featuredmedia":[{"embeddable":true,"href":"http:\/\/wgphoto.pl\/t\/index.php?rest_route=\/wp\/v2\/media\/22086"}],"wp:attachment":[{"href":"http:\/\/wgphoto.pl\/t\/index.php?rest_route=%2Fwp%2Fv2%2Fmedia&parent=22085"}],"wp:term":[{"taxonomy":"category","embeddable":true,"href":"http:\/\/wgphoto.pl\/t\/index.php?rest_route=%2Fwp%2Fv2%2Fcategories&post=22085"},{"taxonomy":"post_tag","embeddable":true,"href":"http:\/\/wgphoto.pl\/t\/index.php?rest_route=%2Fwp%2Fv2%2Ftags&post=22085"}],"curies":[{"name":"wp","href":"https:\/\/api.w.org\/{rel}","templated":true}]}}