{"id":22104,"date":"2025-10-05T14:57:48","date_gmt":"2025-10-05T12:57:48","guid":{"rendered":"https:\/\/wgphoto.pl\/t\/?p=22104"},"modified":"2025-10-05T14:57:48","modified_gmt":"2025-10-05T12:57:48","slug":"grzejka","status":"publish","type":"post","link":"http:\/\/wgphoto.pl\/t\/?p=22104","title":{"rendered":"Grzejka"},"content":{"rendered":"\n<figure class=\"wp-block-image aligncenter size-full\"><img loading=\"lazy\" decoding=\"async\" width=\"1400\" height=\"912\" src=\"https:\/\/wgphoto.pl\/t\/wp-content\/uploads\/2025\/10\/2001t-06_rsn.jpg\" alt=\"\" class=\"wp-image-22105\" srcset=\"http:\/\/wgphoto.pl\/t\/wp-content\/uploads\/2025\/10\/2001t-06_rsn.jpg 1400w, http:\/\/wgphoto.pl\/t\/wp-content\/uploads\/2025\/10\/2001t-06_rsn-300x195.jpg 300w, http:\/\/wgphoto.pl\/t\/wp-content\/uploads\/2025\/10\/2001t-06_rsn-768x500.jpg 768w\" sizes=\"auto, (max-width: 1400px) 100vw, 1400px\" \/><\/figure>\n\n\n\n<div class=\"wp-block-group has-global-padding is-layout-constrained wp-block-group-is-layout-constrained\">\n<p>Wagon ogrzewczy na stacji Krak\u00f3w P\u0142asz\u00f3w, 05.10.2001<\/p>\n<\/div>\n","protected":false},"excerpt":{"rendered":"<p>Wagon ogrzewczy na stacji Krak\u00f3w P\u0142asz\u00f3w, 05.10.2001<\/p>\n","protected":false},"author":1,"featured_media":22105,"comment_status":"open","ping_status":"","sticky":false,"template":"","format":"standard","meta":{"footnotes":""},"categories":[62,2,940],"tags":[4550,230,664,3646,27,265],"class_list":["post-22104","post","type-post","status-publish","format-standard","has-post-thumbnail","hentry","category-analog","category-kolej","category-rok-2001","tag-2001-05-10","tag-infrastruktura","tag-krakow","tag-krakow-plaszow","tag-polska","tag-wagon"],"_links":{"self":[{"href":"http:\/\/wgphoto.pl\/t\/index.php?rest_route=\/wp\/v2\/posts\/22104","targetHints":{"allow":["GET"]}}],"collection":[{"href":"http:\/\/wgphoto.pl\/t\/index.php?rest_route=\/wp\/v2\/posts"}],"about":[{"href":"http:\/\/wgphoto.pl\/t\/index.php?rest_route=\/wp\/v2\/types\/post"}],"author":[{"embeddable":true,"href":"http:\/\/wgphoto.pl\/t\/index.php?rest_route=\/wp\/v2\/users\/1"}],"replies":[{"embeddable":true,"href":"http:\/\/wgphoto.pl\/t\/index.php?rest_route=%2Fwp%2Fv2%2Fcomments&post=22104"}],"version-history":[{"count":1,"href":"http:\/\/wgphoto.pl\/t\/index.php?rest_route=\/wp\/v2\/posts\/22104\/revisions"}],"predecessor-version":[{"id":22106,"href":"http:\/\/wgphoto.pl\/t\/index.php?rest_route=\/wp\/v2\/posts\/22104\/revisions\/22106"}],"wp:featuredmedia":[{"embeddable":true,"href":"http:\/\/wgphoto.pl\/t\/index.php?rest_route=\/wp\/v2\/media\/22105"}],"wp:attachment":[{"href":"http:\/\/wgphoto.pl\/t\/index.php?rest_route=%2Fwp%2Fv2%2Fmedia&parent=22104"}],"wp:term":[{"taxonomy":"category","embeddable":true,"href":"http:\/\/wgphoto.pl\/t\/index.php?rest_route=%2Fwp%2Fv2%2Fcategories&post=22104"},{"taxonomy":"post_tag","embeddable":true,"href":"http:\/\/wgphoto.pl\/t\/index.php?rest_route=%2Fwp%2Fv2%2Ftags&post=22104"}],"curies":[{"name":"wp","href":"https:\/\/api.w.org\/{rel}","templated":true}]}}