{"id":2215,"date":"2024-10-10T17:23:14","date_gmt":"2024-10-10T15:23:14","guid":{"rendered":"https:\/\/wgphoto.pl\/t\/?p=2215"},"modified":"2024-10-10T17:23:14","modified_gmt":"2024-10-10T15:23:14","slug":"stajnia-jednorozcow","status":"publish","type":"post","link":"http:\/\/wgphoto.pl\/t\/?p=2215","title":{"rendered":"Stajnia jednoro\u017cc\u00f3w"},"content":{"rendered":"\n<figure class=\"wp-block-image aligncenter size-full\"><img loading=\"lazy\" decoding=\"async\" width=\"1200\" height=\"795\" src=\"https:\/\/wgphoto.pl\/t\/wp-content\/uploads\/2024\/10\/IMGP3814.jpg\" alt=\"\" class=\"wp-image-2216\" srcset=\"http:\/\/wgphoto.pl\/t\/wp-content\/uploads\/2024\/10\/IMGP3814.jpg 1200w, http:\/\/wgphoto.pl\/t\/wp-content\/uploads\/2024\/10\/IMGP3814-300x199.jpg 300w, http:\/\/wgphoto.pl\/t\/wp-content\/uploads\/2024\/10\/IMGP3814-768x509.jpg 768w\" sizes=\"auto, (max-width: 1200px) 100vw, 1200px\" \/><\/figure>\n\n\n\n<div class=\"wp-block-group has-global-padding is-layout-constrained wp-block-group-is-layout-constrained\">\n<p>\u0141\u00f3d\u017a, al. Adama Mickiewicza, w\u0119ze\u0142 przesiadkowy <em>Piotrkowska Centrum<\/em> zwany zwyczajowo jak w tytule. Mo\u017cna si\u0119 \u015bmia\u0107, ale w\u0119ze\u0142 robi wra\u017cenie i co najwa\u017cniejsze, wydaje si\u0119 funkcjonalny, chyba jednak bardziej od wroc\u0142awskiego Ronda Reagana. 02.05.2019<\/p>\n<\/div>\n","protected":false},"excerpt":{"rendered":"<p>\u0141\u00f3d\u017a, al. Adama Mickiewicza, w\u0119ze\u0142 przesiadkowy Piotrkowska Centrum zwany zwyczajowo jak w tytule. Mo\u017cna si\u0119 \u015bmia\u0107, ale w\u0119ze\u0142 robi wra\u017cenie i co najwa\u017cniejsze, wydaje si\u0119 funkcjonalny, chyba jednak bardziej od wroc\u0142awskiego Ronda Reagana. 02.05.2019<\/p>\n","protected":false},"author":1,"featured_media":2216,"comment_status":"open","ping_status":"","sticky":false,"template":"","format":"standard","meta":{"footnotes":""},"categories":[136,3],"tags":[1162,34,179,773,776,1161,27,223],"class_list":["post-2215","post","type-post","status-publish","format-standard","has-post-thumbnail","hentry","category-rok-2019","category-tramwaj","tag-2019-05-02","tag-architektura","tag-hala-peronowa","tag-lodz","tag-mpk-lodz","tag-pesa-swing","tag-polska","tag-symetria"],"_links":{"self":[{"href":"http:\/\/wgphoto.pl\/t\/index.php?rest_route=\/wp\/v2\/posts\/2215","targetHints":{"allow":["GET"]}}],"collection":[{"href":"http:\/\/wgphoto.pl\/t\/index.php?rest_route=\/wp\/v2\/posts"}],"about":[{"href":"http:\/\/wgphoto.pl\/t\/index.php?rest_route=\/wp\/v2\/types\/post"}],"author":[{"embeddable":true,"href":"http:\/\/wgphoto.pl\/t\/index.php?rest_route=\/wp\/v2\/users\/1"}],"replies":[{"embeddable":true,"href":"http:\/\/wgphoto.pl\/t\/index.php?rest_route=%2Fwp%2Fv2%2Fcomments&post=2215"}],"version-history":[{"count":1,"href":"http:\/\/wgphoto.pl\/t\/index.php?rest_route=\/wp\/v2\/posts\/2215\/revisions"}],"predecessor-version":[{"id":2217,"href":"http:\/\/wgphoto.pl\/t\/index.php?rest_route=\/wp\/v2\/posts\/2215\/revisions\/2217"}],"wp:featuredmedia":[{"embeddable":true,"href":"http:\/\/wgphoto.pl\/t\/index.php?rest_route=\/wp\/v2\/media\/2216"}],"wp:attachment":[{"href":"http:\/\/wgphoto.pl\/t\/index.php?rest_route=%2Fwp%2Fv2%2Fmedia&parent=2215"}],"wp:term":[{"taxonomy":"category","embeddable":true,"href":"http:\/\/wgphoto.pl\/t\/index.php?rest_route=%2Fwp%2Fv2%2Fcategories&post=2215"},{"taxonomy":"post_tag","embeddable":true,"href":"http:\/\/wgphoto.pl\/t\/index.php?rest_route=%2Fwp%2Fv2%2Ftags&post=2215"}],"curies":[{"name":"wp","href":"https:\/\/api.w.org\/{rel}","templated":true}]}}