{"id":22178,"date":"2025-10-15T16:42:54","date_gmt":"2025-10-15T14:42:54","guid":{"rendered":"https:\/\/wgphoto.pl\/t\/?p=22178"},"modified":"2025-10-15T16:42:54","modified_gmt":"2025-10-15T14:42:54","slug":"jesien-na-sepolnie","status":"publish","type":"post","link":"http:\/\/wgphoto.pl\/t\/?p=22178","title":{"rendered":"Jesie\u0144 na S\u0119polnie"},"content":{"rendered":"\n<figure class=\"wp-block-image aligncenter size-full\"><img loading=\"lazy\" decoding=\"async\" width=\"1200\" height=\"960\" src=\"https:\/\/wgphoto.pl\/t\/wp-content\/uploads\/2025\/10\/IMGP3909.jpg\" alt=\"\" class=\"wp-image-22179\" srcset=\"http:\/\/wgphoto.pl\/t\/wp-content\/uploads\/2025\/10\/IMGP3909.jpg 1200w, http:\/\/wgphoto.pl\/t\/wp-content\/uploads\/2025\/10\/IMGP3909-300x240.jpg 300w, http:\/\/wgphoto.pl\/t\/wp-content\/uploads\/2025\/10\/IMGP3909-768x614.jpg 768w\" sizes=\"auto, (max-width: 1200px) 100vw, 1200px\" \/><\/figure>\n\n\n\n<div class=\"wp-block-group has-global-padding is-layout-constrained wp-block-group-is-layout-constrained\">\n<p>Wroc\u0142aw, ul. Adama Mickiewicza. 205WrAs 2704 przepuszcza pieszych w drodze na S\u0119polno. To jedno z tych zdj\u0119\u0107, jakich nie da si\u0119 zaplanowa\u0107, a bez ludzi by\u0142oby po prostu nudne. 15.10.2017<\/p>\n<\/div>\n","protected":false},"excerpt":{"rendered":"<p>Wroc\u0142aw, ul. Adama Mickiewicza. 205WrAs 2704 przepuszcza pieszych w drodze na S\u0119polno. To jedno z tych zdj\u0119\u0107, jakich nie da si\u0119 zaplanowa\u0107, a bez ludzi by\u0142oby po prostu nudne. 15.10.2017<\/p>\n","protected":false},"author":1,"featured_media":22179,"comment_status":"open","ping_status":"","sticky":false,"template":"","format":"standard","meta":{"footnotes":""},"categories":[368,3],"tags":[4254,126,151,42,27,1096,181,41],"class_list":["post-22178","post","type-post","status-publish","format-standard","has-post-thumbnail","hentry","category-rok-2017","category-tramwaj","tag-2017-10-15","tag-jesien","tag-ludzie","tag-mpk-wroclaw","tag-polska","tag-protram-205wras","tag-slonce","tag-wroclaw"],"_links":{"self":[{"href":"http:\/\/wgphoto.pl\/t\/index.php?rest_route=\/wp\/v2\/posts\/22178","targetHints":{"allow":["GET"]}}],"collection":[{"href":"http:\/\/wgphoto.pl\/t\/index.php?rest_route=\/wp\/v2\/posts"}],"about":[{"href":"http:\/\/wgphoto.pl\/t\/index.php?rest_route=\/wp\/v2\/types\/post"}],"author":[{"embeddable":true,"href":"http:\/\/wgphoto.pl\/t\/index.php?rest_route=\/wp\/v2\/users\/1"}],"replies":[{"embeddable":true,"href":"http:\/\/wgphoto.pl\/t\/index.php?rest_route=%2Fwp%2Fv2%2Fcomments&post=22178"}],"version-history":[{"count":1,"href":"http:\/\/wgphoto.pl\/t\/index.php?rest_route=\/wp\/v2\/posts\/22178\/revisions"}],"predecessor-version":[{"id":22180,"href":"http:\/\/wgphoto.pl\/t\/index.php?rest_route=\/wp\/v2\/posts\/22178\/revisions\/22180"}],"wp:featuredmedia":[{"embeddable":true,"href":"http:\/\/wgphoto.pl\/t\/index.php?rest_route=\/wp\/v2\/media\/22179"}],"wp:attachment":[{"href":"http:\/\/wgphoto.pl\/t\/index.php?rest_route=%2Fwp%2Fv2%2Fmedia&parent=22178"}],"wp:term":[{"taxonomy":"category","embeddable":true,"href":"http:\/\/wgphoto.pl\/t\/index.php?rest_route=%2Fwp%2Fv2%2Fcategories&post=22178"},{"taxonomy":"post_tag","embeddable":true,"href":"http:\/\/wgphoto.pl\/t\/index.php?rest_route=%2Fwp%2Fv2%2Ftags&post=22178"}],"curies":[{"name":"wp","href":"https:\/\/api.w.org\/{rel}","templated":true}]}}