{"id":2218,"date":"2024-10-10T17:24:34","date_gmt":"2024-10-10T15:24:34","guid":{"rendered":"https:\/\/wgphoto.pl\/t\/?p=2218"},"modified":"2024-10-10T17:24:34","modified_gmt":"2024-10-10T15:24:34","slug":"albinos-pod-tatrami","status":"publish","type":"post","link":"http:\/\/wgphoto.pl\/t\/?p=2218","title":{"rendered":"Albinos pod Tatrami"},"content":{"rendered":"\n<figure class=\"wp-block-image aligncenter size-full\"><img loading=\"lazy\" decoding=\"async\" width=\"1200\" height=\"795\" src=\"https:\/\/wgphoto.pl\/t\/wp-content\/uploads\/2024\/10\/IMGP4674.jpg\" alt=\"\" class=\"wp-image-2219\" srcset=\"http:\/\/wgphoto.pl\/t\/wp-content\/uploads\/2024\/10\/IMGP4674.jpg 1200w, http:\/\/wgphoto.pl\/t\/wp-content\/uploads\/2024\/10\/IMGP4674-300x199.jpg 300w, http:\/\/wgphoto.pl\/t\/wp-content\/uploads\/2024\/10\/IMGP4674-768x509.jpg 768w\" sizes=\"auto, (max-width: 1200px) 100vw, 1200px\" \/><\/figure>\n\n\n\n<div class=\"wp-block-group has-global-padding is-layout-constrained wp-block-group-is-layout-constrained\">\n<p>\u0160trba &#8211; \u0160trba zast\u00e1vka. Jednokolorowy prywaciarz prezentuje si\u0119 na tle zachmurzonych Tatr. To i tak najlepszy wariant, je\u015bli chodzi o zachmurzenie, jaki uda\u0142o mi si\u0119 tam trafi\u0107. 15.08.2019<\/p>\n<\/div>\n","protected":false},"excerpt":{"rendered":"<p>\u0160trba &#8211; \u0160trba zast\u00e1vka. Jednokolorowy prywaciarz prezentuje si\u0119 na tle zachmurzonych Tatr. To i tak najlepszy wariant, je\u015bli chodzi o zachmurzenie, jaki uda\u0142o mi si\u0119 tam trafi\u0107. 15.08.2019<\/p>\n","protected":false},"author":1,"featured_media":2219,"comment_status":"open","ping_status":"","sticky":false,"template":"","format":"standard","meta":{"footnotes":""},"categories":[2,136],"tags":[1163,1164,114,113,567,675,670,673],"class_list":["post-2218","post","type-post","status-publish","format-standard","has-post-thumbnail","hentry","category-kolej","category-rok-2019","tag-2019-08-15","tag-budamar-group","tag-gory","tag-landszaft","tag-siemens-vectron","tag-slowacja","tag-strba","tag-strba-zastavka"],"_links":{"self":[{"href":"http:\/\/wgphoto.pl\/t\/index.php?rest_route=\/wp\/v2\/posts\/2218","targetHints":{"allow":["GET"]}}],"collection":[{"href":"http:\/\/wgphoto.pl\/t\/index.php?rest_route=\/wp\/v2\/posts"}],"about":[{"href":"http:\/\/wgphoto.pl\/t\/index.php?rest_route=\/wp\/v2\/types\/post"}],"author":[{"embeddable":true,"href":"http:\/\/wgphoto.pl\/t\/index.php?rest_route=\/wp\/v2\/users\/1"}],"replies":[{"embeddable":true,"href":"http:\/\/wgphoto.pl\/t\/index.php?rest_route=%2Fwp%2Fv2%2Fcomments&post=2218"}],"version-history":[{"count":1,"href":"http:\/\/wgphoto.pl\/t\/index.php?rest_route=\/wp\/v2\/posts\/2218\/revisions"}],"predecessor-version":[{"id":2220,"href":"http:\/\/wgphoto.pl\/t\/index.php?rest_route=\/wp\/v2\/posts\/2218\/revisions\/2220"}],"wp:featuredmedia":[{"embeddable":true,"href":"http:\/\/wgphoto.pl\/t\/index.php?rest_route=\/wp\/v2\/media\/2219"}],"wp:attachment":[{"href":"http:\/\/wgphoto.pl\/t\/index.php?rest_route=%2Fwp%2Fv2%2Fmedia&parent=2218"}],"wp:term":[{"taxonomy":"category","embeddable":true,"href":"http:\/\/wgphoto.pl\/t\/index.php?rest_route=%2Fwp%2Fv2%2Fcategories&post=2218"},{"taxonomy":"post_tag","embeddable":true,"href":"http:\/\/wgphoto.pl\/t\/index.php?rest_route=%2Fwp%2Fv2%2Ftags&post=2218"}],"curies":[{"name":"wp","href":"https:\/\/api.w.org\/{rel}","templated":true}]}}