{"id":22187,"date":"2025-10-18T11:31:08","date_gmt":"2025-10-18T09:31:08","guid":{"rendered":"https:\/\/wgphoto.pl\/t\/?p=22187"},"modified":"2025-10-18T11:31:08","modified_gmt":"2025-10-18T09:31:08","slug":"krakow-i-poznan-we-wroclawiu","status":"publish","type":"post","link":"http:\/\/wgphoto.pl\/t\/?p=22187","title":{"rendered":"Krak\u00f3w i Pozna\u0144 we Wroc\u0142awiu"},"content":{"rendered":"\n<figure class=\"wp-block-image aligncenter size-full\"><img loading=\"lazy\" decoding=\"async\" width=\"1400\" height=\"927\" src=\"https:\/\/wgphoto.pl\/t\/wp-content\/uploads\/2025\/10\/2000L-09_rsn.jpg\" alt=\"\" class=\"wp-image-22188\" srcset=\"http:\/\/wgphoto.pl\/t\/wp-content\/uploads\/2025\/10\/2000L-09_rsn.jpg 1400w, http:\/\/wgphoto.pl\/t\/wp-content\/uploads\/2025\/10\/2000L-09_rsn-300x199.jpg 300w, http:\/\/wgphoto.pl\/t\/wp-content\/uploads\/2025\/10\/2000L-09_rsn-768x509.jpg 768w\" sizes=\"auto, (max-width: 1400px) 100vw, 1400px\" \/><\/figure>\n\n\n\n<div class=\"wp-block-group has-global-padding is-layout-constrained wp-block-group-is-layout-constrained\">\n<p>Wroc\u0142aw, p\u0119tla Opor\u00f3w, 102Na 2063 i 2042. Ten po prawej rok wcze\u015bniej przeby\u0142 remont w MZNT Krak\u00f3w i st\u0105d granatowy (krakowski) lakier, a przy okazji typowe dla Krakowa kierunkowskazy od stopi\u0105tki. Ten z lewej natomiast dzi\u0119ki reklamie zyska\u0142 barwy niemal pozna\u0144skie. 16.10.2000<\/p>\n<\/div>\n","protected":false},"excerpt":{"rendered":"<p>Wroc\u0142aw, p\u0119tla Opor\u00f3w, 102Na 2063 i 2042. Ten po prawej rok wcze\u015bniej przeby\u0142 remont w MZNT Krak\u00f3w i st\u0105d granatowy (krakowski) lakier, a przy okazji typowe dla Krakowa kierunkowskazy od stopi\u0105tki. Ten z lewej natomiast dzi\u0119ki reklamie zyska\u0142 barwy niemal pozna\u0144skie. 16.10.2000<\/p>\n","protected":false},"author":1,"featured_media":22188,"comment_status":"open","ping_status":"","sticky":false,"template":"","format":"standard","meta":{"footnotes":""},"categories":[62,1099,3],"tags":[4565,309,42,27,438,41],"class_list":["post-22187","post","type-post","status-publish","format-standard","has-post-thumbnail","hentry","category-analog","category-rok-2000","category-tramwaj","tag-2000-10-16","tag-konstal-102na","tag-mpk-wroclaw","tag-polska","tag-portret-z-petli","tag-wroclaw"],"_links":{"self":[{"href":"http:\/\/wgphoto.pl\/t\/index.php?rest_route=\/wp\/v2\/posts\/22187","targetHints":{"allow":["GET"]}}],"collection":[{"href":"http:\/\/wgphoto.pl\/t\/index.php?rest_route=\/wp\/v2\/posts"}],"about":[{"href":"http:\/\/wgphoto.pl\/t\/index.php?rest_route=\/wp\/v2\/types\/post"}],"author":[{"embeddable":true,"href":"http:\/\/wgphoto.pl\/t\/index.php?rest_route=\/wp\/v2\/users\/1"}],"replies":[{"embeddable":true,"href":"http:\/\/wgphoto.pl\/t\/index.php?rest_route=%2Fwp%2Fv2%2Fcomments&post=22187"}],"version-history":[{"count":1,"href":"http:\/\/wgphoto.pl\/t\/index.php?rest_route=\/wp\/v2\/posts\/22187\/revisions"}],"predecessor-version":[{"id":22189,"href":"http:\/\/wgphoto.pl\/t\/index.php?rest_route=\/wp\/v2\/posts\/22187\/revisions\/22189"}],"wp:featuredmedia":[{"embeddable":true,"href":"http:\/\/wgphoto.pl\/t\/index.php?rest_route=\/wp\/v2\/media\/22188"}],"wp:attachment":[{"href":"http:\/\/wgphoto.pl\/t\/index.php?rest_route=%2Fwp%2Fv2%2Fmedia&parent=22187"}],"wp:term":[{"taxonomy":"category","embeddable":true,"href":"http:\/\/wgphoto.pl\/t\/index.php?rest_route=%2Fwp%2Fv2%2Fcategories&post=22187"},{"taxonomy":"post_tag","embeddable":true,"href":"http:\/\/wgphoto.pl\/t\/index.php?rest_route=%2Fwp%2Fv2%2Ftags&post=22187"}],"curies":[{"name":"wp","href":"https:\/\/api.w.org\/{rel}","templated":true}]}}