{"id":22229,"date":"2025-10-26T19:59:45","date_gmt":"2025-10-26T18:59:45","guid":{"rendered":"https:\/\/wgphoto.pl\/t\/?p=22229"},"modified":"2025-10-26T19:59:45","modified_gmt":"2025-10-26T18:59:45","slug":"z-daleka-kraju-nie-rozpoznasz","status":"publish","type":"post","link":"http:\/\/wgphoto.pl\/t\/?p=22229","title":{"rendered":"Z daleka kraju nie rozpoznasz"},"content":{"rendered":"\n<figure class=\"wp-block-image aligncenter size-full\"><img loading=\"lazy\" decoding=\"async\" width=\"1400\" height=\"927\" src=\"https:\/\/wgphoto.pl\/t\/wp-content\/uploads\/2025\/10\/IMGP6211.jpg\" alt=\"\" class=\"wp-image-22230\" srcset=\"http:\/\/wgphoto.pl\/t\/wp-content\/uploads\/2025\/10\/IMGP6211.jpg 1400w, http:\/\/wgphoto.pl\/t\/wp-content\/uploads\/2025\/10\/IMGP6211-300x199.jpg 300w, http:\/\/wgphoto.pl\/t\/wp-content\/uploads\/2025\/10\/IMGP6211-768x509.jpg 768w\" sizes=\"auto, (max-width: 1400px) 100vw, 1400px\" \/><\/figure>\n\n\n\n<div class=\"wp-block-group has-global-padding is-layout-constrained wp-block-group-is-layout-constrained\">\n<p>Ex-niemiecki zestaw serii 628 jako poci\u0105g regionalny sp\u00f3\u0142ki IRC, najprawdopodobniej z Klu\u017cu do Oradei, min\u0105\u0142 przed chwil\u0105 przystanek Mac\u0103u. 20.10.2019<\/p>\n<\/div>\n","protected":false},"excerpt":{"rendered":"<p>Ex-niemiecki zestaw serii 628 jako poci\u0105g regionalny sp\u00f3\u0142ki IRC, najprawdopodobniej z Klu\u017cu do Oradei, min\u0105\u0142 przed chwil\u0105 przystanek Mac\u0103u. 20.10.2019<\/p>\n","protected":false},"author":1,"featured_media":22230,"comment_status":"open","ping_status":"","sticky":false,"template":"","format":"standard","meta":{"footnotes":""},"categories":[2,136],"tags":[968,1450,1449,126,113,970,574,575],"class_list":["post-22229","post","type-post","status-publish","format-standard","has-post-thumbnail","hentry","category-kolej","category-rok-2019","tag-2019-10-20","tag-1450","tag-irc","tag-jesien","tag-landszaft","tag-macau","tag-rumunia","tag-wakacje-2019"],"_links":{"self":[{"href":"http:\/\/wgphoto.pl\/t\/index.php?rest_route=\/wp\/v2\/posts\/22229","targetHints":{"allow":["GET"]}}],"collection":[{"href":"http:\/\/wgphoto.pl\/t\/index.php?rest_route=\/wp\/v2\/posts"}],"about":[{"href":"http:\/\/wgphoto.pl\/t\/index.php?rest_route=\/wp\/v2\/types\/post"}],"author":[{"embeddable":true,"href":"http:\/\/wgphoto.pl\/t\/index.php?rest_route=\/wp\/v2\/users\/1"}],"replies":[{"embeddable":true,"href":"http:\/\/wgphoto.pl\/t\/index.php?rest_route=%2Fwp%2Fv2%2Fcomments&post=22229"}],"version-history":[{"count":1,"href":"http:\/\/wgphoto.pl\/t\/index.php?rest_route=\/wp\/v2\/posts\/22229\/revisions"}],"predecessor-version":[{"id":22231,"href":"http:\/\/wgphoto.pl\/t\/index.php?rest_route=\/wp\/v2\/posts\/22229\/revisions\/22231"}],"wp:featuredmedia":[{"embeddable":true,"href":"http:\/\/wgphoto.pl\/t\/index.php?rest_route=\/wp\/v2\/media\/22230"}],"wp:attachment":[{"href":"http:\/\/wgphoto.pl\/t\/index.php?rest_route=%2Fwp%2Fv2%2Fmedia&parent=22229"}],"wp:term":[{"taxonomy":"category","embeddable":true,"href":"http:\/\/wgphoto.pl\/t\/index.php?rest_route=%2Fwp%2Fv2%2Fcategories&post=22229"},{"taxonomy":"post_tag","embeddable":true,"href":"http:\/\/wgphoto.pl\/t\/index.php?rest_route=%2Fwp%2Fv2%2Ftags&post=22229"}],"curies":[{"name":"wp","href":"https:\/\/api.w.org\/{rel}","templated":true}]}}