{"id":22232,"date":"2025-10-26T20:00:38","date_gmt":"2025-10-26T19:00:38","guid":{"rendered":"https:\/\/wgphoto.pl\/t\/?p=22232"},"modified":"2025-10-26T20:00:38","modified_gmt":"2025-10-26T19:00:38","slug":"solo-w-deszczu","status":"publish","type":"post","link":"http:\/\/wgphoto.pl\/t\/?p=22232","title":{"rendered":"Solo w deszczu"},"content":{"rendered":"\n<figure class=\"wp-block-image aligncenter size-full\"><img loading=\"lazy\" decoding=\"async\" width=\"1400\" height=\"927\" src=\"https:\/\/wgphoto.pl\/t\/wp-content\/uploads\/2025\/10\/IMGP6887.jpg\" alt=\"\" class=\"wp-image-22233\" srcset=\"http:\/\/wgphoto.pl\/t\/wp-content\/uploads\/2025\/10\/IMGP6887.jpg 1400w, http:\/\/wgphoto.pl\/t\/wp-content\/uploads\/2025\/10\/IMGP6887-300x199.jpg 300w, http:\/\/wgphoto.pl\/t\/wp-content\/uploads\/2025\/10\/IMGP6887-768x509.jpg 768w\" sizes=\"auto, (max-width: 1400px) 100vw, 1400px\" \/><\/figure>\n\n\n\n<div class=\"wp-block-group has-global-padding is-layout-constrained wp-block-group-is-layout-constrained\">\n<p>Wagon Konstal\/Modertrans 105N-HF11AC nr 760 mi\u0119dzy przystankami (oba N\u017b) Bytom Odrza\u0144ska i D\u0105browa Miejska W\u0119glowa. Mo\u017ce s\u0142abo wida\u0107, ale akurat spad\u0142 deszcz, mimo \u017ce w tle \u015bwieci s\u0142o\u0144ce. 16.11.2019<\/p>\n<\/div>\n","protected":false},"excerpt":{"rendered":"<p>Wagon Konstal\/Modertrans 105N-HF11AC nr 760 mi\u0119dzy przystankami (oba N\u017b) Bytom Odrza\u0144ska i D\u0105browa Miejska W\u0119glowa. Mo\u017ce s\u0142abo wida\u0107, ale akurat spad\u0142 deszcz, mimo \u017ce w tle \u015bwieci s\u0142o\u0144ce. 16.11.2019<\/p>\n","protected":false},"author":1,"featured_media":22233,"comment_status":"open","ping_status":"","sticky":false,"template":"","format":"standard","meta":{"footnotes":""},"categories":[136,3],"tags":[155,1558,1232,277,546,27,279],"class_list":["post-22232","post","type-post","status-publish","format-standard","has-post-thumbnail","hentry","category-rok-2019","category-tramwaj","tag-105na","tag-2019-11-16","tag-bytom","tag-gop","tag-moderus-alfa","tag-polska","tag-tramwaje-slaskie"],"_links":{"self":[{"href":"http:\/\/wgphoto.pl\/t\/index.php?rest_route=\/wp\/v2\/posts\/22232","targetHints":{"allow":["GET"]}}],"collection":[{"href":"http:\/\/wgphoto.pl\/t\/index.php?rest_route=\/wp\/v2\/posts"}],"about":[{"href":"http:\/\/wgphoto.pl\/t\/index.php?rest_route=\/wp\/v2\/types\/post"}],"author":[{"embeddable":true,"href":"http:\/\/wgphoto.pl\/t\/index.php?rest_route=\/wp\/v2\/users\/1"}],"replies":[{"embeddable":true,"href":"http:\/\/wgphoto.pl\/t\/index.php?rest_route=%2Fwp%2Fv2%2Fcomments&post=22232"}],"version-history":[{"count":1,"href":"http:\/\/wgphoto.pl\/t\/index.php?rest_route=\/wp\/v2\/posts\/22232\/revisions"}],"predecessor-version":[{"id":22234,"href":"http:\/\/wgphoto.pl\/t\/index.php?rest_route=\/wp\/v2\/posts\/22232\/revisions\/22234"}],"wp:featuredmedia":[{"embeddable":true,"href":"http:\/\/wgphoto.pl\/t\/index.php?rest_route=\/wp\/v2\/media\/22233"}],"wp:attachment":[{"href":"http:\/\/wgphoto.pl\/t\/index.php?rest_route=%2Fwp%2Fv2%2Fmedia&parent=22232"}],"wp:term":[{"taxonomy":"category","embeddable":true,"href":"http:\/\/wgphoto.pl\/t\/index.php?rest_route=%2Fwp%2Fv2%2Fcategories&post=22232"},{"taxonomy":"post_tag","embeddable":true,"href":"http:\/\/wgphoto.pl\/t\/index.php?rest_route=%2Fwp%2Fv2%2Ftags&post=22232"}],"curies":[{"name":"wp","href":"https:\/\/api.w.org\/{rel}","templated":true}]}}