{"id":2224,"date":"2024-10-10T17:26:51","date_gmt":"2024-10-10T15:26:51","guid":{"rendered":"https:\/\/wgphoto.pl\/t\/?p=2224"},"modified":"2024-10-10T17:26:51","modified_gmt":"2024-10-10T15:26:51","slug":"oriente-noca","status":"publish","type":"post","link":"http:\/\/wgphoto.pl\/t\/?p=2224","title":{"rendered":"Oriente noc\u0105"},"content":{"rendered":"\n<figure class=\"wp-block-image aligncenter size-full\"><img loading=\"lazy\" decoding=\"async\" width=\"1200\" height=\"817\" src=\"https:\/\/wgphoto.pl\/t\/wp-content\/uploads\/2024\/10\/IMGP6704.jpg\" alt=\"\" class=\"wp-image-2225\" srcset=\"http:\/\/wgphoto.pl\/t\/wp-content\/uploads\/2024\/10\/IMGP6704.jpg 1200w, http:\/\/wgphoto.pl\/t\/wp-content\/uploads\/2024\/10\/IMGP6704-300x204.jpg 300w, http:\/\/wgphoto.pl\/t\/wp-content\/uploads\/2024\/10\/IMGP6704-768x523.jpg 768w\" sizes=\"auto, (max-width: 1200px) 100vw, 1200px\" \/><\/figure>\n\n\n\n<div class=\"wp-block-group has-global-padding is-layout-constrained wp-block-group-is-layout-constrained\">\n<p>Poci\u0105g podmiejski oczekuje p\u00f3\u017anym wieczorem odjazdu z dworca Lisboa Oriente. Dzi\u0119ki o\u015bwietleniu konstrukcja hali peronowej prezentuje si\u0119 bardzo efektownie. 20.02.2018<\/p>\n<\/div>\n","protected":false},"excerpt":{"rendered":"<p>Poci\u0105g podmiejski oczekuje p\u00f3\u017anym wieczorem odjazdu z dworca Lisboa Oriente. Dzi\u0119ki o\u015bwietleniu konstrukcja hali peronowej prezentuje si\u0119 bardzo efektownie. 20.02.2018<\/p>\n","protected":false},"author":1,"featured_media":2225,"comment_status":"open","ping_status":"","sticky":false,"template":"","format":"standard","meta":{"footnotes":""},"categories":[2,156],"tags":[506,34,1165,179,1166,298,154,297,505],"class_list":["post-2224","post","type-post","status-publish","format-standard","has-post-thumbnail","hentry","category-kolej","category-rok-2018","tag-2018-02-20","tag-architektura","tag-cp","tag-hala-peronowa","tag-lisboa-oriente","tag-lizbona","tag-noc","tag-portugalia","tag-portugalia-2018"],"_links":{"self":[{"href":"http:\/\/wgphoto.pl\/t\/index.php?rest_route=\/wp\/v2\/posts\/2224","targetHints":{"allow":["GET"]}}],"collection":[{"href":"http:\/\/wgphoto.pl\/t\/index.php?rest_route=\/wp\/v2\/posts"}],"about":[{"href":"http:\/\/wgphoto.pl\/t\/index.php?rest_route=\/wp\/v2\/types\/post"}],"author":[{"embeddable":true,"href":"http:\/\/wgphoto.pl\/t\/index.php?rest_route=\/wp\/v2\/users\/1"}],"replies":[{"embeddable":true,"href":"http:\/\/wgphoto.pl\/t\/index.php?rest_route=%2Fwp%2Fv2%2Fcomments&post=2224"}],"version-history":[{"count":1,"href":"http:\/\/wgphoto.pl\/t\/index.php?rest_route=\/wp\/v2\/posts\/2224\/revisions"}],"predecessor-version":[{"id":2226,"href":"http:\/\/wgphoto.pl\/t\/index.php?rest_route=\/wp\/v2\/posts\/2224\/revisions\/2226"}],"wp:featuredmedia":[{"embeddable":true,"href":"http:\/\/wgphoto.pl\/t\/index.php?rest_route=\/wp\/v2\/media\/2225"}],"wp:attachment":[{"href":"http:\/\/wgphoto.pl\/t\/index.php?rest_route=%2Fwp%2Fv2%2Fmedia&parent=2224"}],"wp:term":[{"taxonomy":"category","embeddable":true,"href":"http:\/\/wgphoto.pl\/t\/index.php?rest_route=%2Fwp%2Fv2%2Fcategories&post=2224"},{"taxonomy":"post_tag","embeddable":true,"href":"http:\/\/wgphoto.pl\/t\/index.php?rest_route=%2Fwp%2Fv2%2Ftags&post=2224"}],"curies":[{"name":"wp","href":"https:\/\/api.w.org\/{rel}","templated":true}]}}