{"id":22244,"date":"2025-10-26T20:04:19","date_gmt":"2025-10-26T19:04:19","guid":{"rendered":"https:\/\/wgphoto.pl\/t\/?p=22244"},"modified":"2025-10-26T20:04:19","modified_gmt":"2025-10-26T19:04:19","slug":"z-dworca-nad-jezioro","status":"publish","type":"post","link":"http:\/\/wgphoto.pl\/t\/?p=22244","title":{"rendered":"Z dworca nad jezioro"},"content":{"rendered":"\n<figure class=\"wp-block-image aligncenter size-full\"><img loading=\"lazy\" decoding=\"async\" width=\"1400\" height=\"933\" src=\"https:\/\/wgphoto.pl\/t\/wp-content\/uploads\/2025\/10\/DSCF0856.jpg\" alt=\"\" class=\"wp-image-22245\" srcset=\"http:\/\/wgphoto.pl\/t\/wp-content\/uploads\/2025\/10\/DSCF0856.jpg 1400w, http:\/\/wgphoto.pl\/t\/wp-content\/uploads\/2025\/10\/DSCF0856-300x200.jpg 300w, http:\/\/wgphoto.pl\/t\/wp-content\/uploads\/2025\/10\/DSCF0856-768x512.jpg 768w\" sizes=\"auto, (max-width: 1400px) 100vw, 1400px\" \/><\/figure>\n\n\n\n<div class=\"wp-block-group has-global-padding is-layout-constrained wp-block-group-is-layout-constrained\">\n<p>Gmunden, Alois Kaltenbruner-Stra\u00dfe. Wagon nr 128 zje\u017cd\u017ca z dworca kolejowego do centrum miasteczka, kt\u00f3re le\u017cy nad nieznacznie widocznym w tle jeziorem Traunsee. 23.07.2025<\/p>\n<\/div>\n","protected":false},"excerpt":{"rendered":"<p>Gmunden, Alois Kaltenbruner-Stra\u00dfe. Wagon nr 128 zje\u017cd\u017ca z dworca kolejowego do centrum miasteczka, kt\u00f3re le\u017cy nad nieznacznie widocznym w tle jeziorem Traunsee. 23.07.2025<\/p>\n","protected":false},"author":1,"featured_media":22245,"comment_status":"open","ping_status":"","sticky":false,"template":"","format":"standard","meta":{"footnotes":""},"categories":[3208,3],"tags":[4481,9,4548,114,173,4545,4549,4458],"class_list":["post-22244","post","type-post","status-publish","format-standard","has-post-thumbnail","hentry","category-rok-2025","category-tramwaj","tag-2025-07-23","tag-austria","tag-gmunden","tag-gory","tag-koncowki","tag-stern-hafferl-verkehr","tag-vossloh-tramlink","tag-wakacje-2025"],"_links":{"self":[{"href":"http:\/\/wgphoto.pl\/t\/index.php?rest_route=\/wp\/v2\/posts\/22244","targetHints":{"allow":["GET"]}}],"collection":[{"href":"http:\/\/wgphoto.pl\/t\/index.php?rest_route=\/wp\/v2\/posts"}],"about":[{"href":"http:\/\/wgphoto.pl\/t\/index.php?rest_route=\/wp\/v2\/types\/post"}],"author":[{"embeddable":true,"href":"http:\/\/wgphoto.pl\/t\/index.php?rest_route=\/wp\/v2\/users\/1"}],"replies":[{"embeddable":true,"href":"http:\/\/wgphoto.pl\/t\/index.php?rest_route=%2Fwp%2Fv2%2Fcomments&post=22244"}],"version-history":[{"count":1,"href":"http:\/\/wgphoto.pl\/t\/index.php?rest_route=\/wp\/v2\/posts\/22244\/revisions"}],"predecessor-version":[{"id":22246,"href":"http:\/\/wgphoto.pl\/t\/index.php?rest_route=\/wp\/v2\/posts\/22244\/revisions\/22246"}],"wp:featuredmedia":[{"embeddable":true,"href":"http:\/\/wgphoto.pl\/t\/index.php?rest_route=\/wp\/v2\/media\/22245"}],"wp:attachment":[{"href":"http:\/\/wgphoto.pl\/t\/index.php?rest_route=%2Fwp%2Fv2%2Fmedia&parent=22244"}],"wp:term":[{"taxonomy":"category","embeddable":true,"href":"http:\/\/wgphoto.pl\/t\/index.php?rest_route=%2Fwp%2Fv2%2Fcategories&post=22244"},{"taxonomy":"post_tag","embeddable":true,"href":"http:\/\/wgphoto.pl\/t\/index.php?rest_route=%2Fwp%2Fv2%2Ftags&post=22244"}],"curies":[{"name":"wp","href":"https:\/\/api.w.org\/{rel}","templated":true}]}}