{"id":22256,"date":"2025-10-26T20:07:39","date_gmt":"2025-10-26T19:07:39","guid":{"rendered":"https:\/\/wgphoto.pl\/t\/?p=22256"},"modified":"2026-01-10T19:03:26","modified_gmt":"2026-01-10T18:03:26","slug":"na-granicy-systemow-zasilania","status":"publish","type":"post","link":"http:\/\/wgphoto.pl\/t\/?p=22256","title":{"rendered":"Na granicy system\u00f3w zasilania"},"content":{"rendered":"\n<figure class=\"wp-block-image aligncenter size-full\"><img loading=\"lazy\" decoding=\"async\" width=\"1400\" height=\"933\" src=\"https:\/\/wgphoto.pl\/t\/wp-content\/uploads\/2025\/10\/DSCF0537.jpg\" alt=\"\" class=\"wp-image-22257\" srcset=\"http:\/\/wgphoto.pl\/t\/wp-content\/uploads\/2025\/10\/DSCF0537.jpg 1400w, http:\/\/wgphoto.pl\/t\/wp-content\/uploads\/2025\/10\/DSCF0537-300x200.jpg 300w, http:\/\/wgphoto.pl\/t\/wp-content\/uploads\/2025\/10\/DSCF0537-768x512.jpg 768w\" sizes=\"auto, (max-width: 1400px) 100vw, 1400px\" \/><\/figure>\n\n\n\n<div class=\"wp-block-group has-global-padding is-layout-constrained wp-block-group-is-layout-constrained\">\n<p>W\u0142oski FLIRT, najprawdopodobniej ETR170-106, przyjecha\u0142 z Bolzano-Bozen na stacj\u0119 graniczn\u0105 Brennero-Brenner i zatrzyma\u0142 si\u0119 tu\u017c przed ko\u0144cem w\u0142oskiego systemu zasilania. W kadrze widoczny jest tak\u017ce koniec sekcji zasilania austriackiego oraz odcinek izolowany. 21.07.2025<\/p>\n<\/div>\n","protected":false},"excerpt":{"rendered":"<p>W\u0142oski FLIRT, najprawdopodobniej ETR170-106, przyjecha\u0142 z Bolzano-Bozen na stacj\u0119 graniczn\u0105 Brennero-Brenner i zatrzyma\u0142 si\u0119 tu\u017c przed ko\u0144cem w\u0142oskiego systemu zasilania. W kadrze widoczny jest tak\u017ce koniec sekcji zasilania austriackiego oraz odcinek izolowany. 21.07.2025<\/p>\n","protected":false},"author":1,"featured_media":22257,"comment_status":"open","ping_status":"","sticky":false,"template":"","format":"standard","meta":{"footnotes":""},"categories":[2,3208],"tags":[4478,4461,4576,112,230,173,24,204,4458,110],"class_list":["post-22256","post","type-post","status-publish","format-standard","has-post-thumbnail","hentry","category-kolej","category-rok-2025","tag-2025-07-21","tag-brennerbahn","tag-brennero-brenner","tag-fs","tag-infrastruktura","tag-koncowki","tag-perony","tag-stadler-flirt","tag-wakacje-2025","tag-wlochy"],"_links":{"self":[{"href":"http:\/\/wgphoto.pl\/t\/index.php?rest_route=\/wp\/v2\/posts\/22256","targetHints":{"allow":["GET"]}}],"collection":[{"href":"http:\/\/wgphoto.pl\/t\/index.php?rest_route=\/wp\/v2\/posts"}],"about":[{"href":"http:\/\/wgphoto.pl\/t\/index.php?rest_route=\/wp\/v2\/types\/post"}],"author":[{"embeddable":true,"href":"http:\/\/wgphoto.pl\/t\/index.php?rest_route=\/wp\/v2\/users\/1"}],"replies":[{"embeddable":true,"href":"http:\/\/wgphoto.pl\/t\/index.php?rest_route=%2Fwp%2Fv2%2Fcomments&post=22256"}],"version-history":[{"count":1,"href":"http:\/\/wgphoto.pl\/t\/index.php?rest_route=\/wp\/v2\/posts\/22256\/revisions"}],"predecessor-version":[{"id":22258,"href":"http:\/\/wgphoto.pl\/t\/index.php?rest_route=\/wp\/v2\/posts\/22256\/revisions\/22258"}],"wp:featuredmedia":[{"embeddable":true,"href":"http:\/\/wgphoto.pl\/t\/index.php?rest_route=\/wp\/v2\/media\/22257"}],"wp:attachment":[{"href":"http:\/\/wgphoto.pl\/t\/index.php?rest_route=%2Fwp%2Fv2%2Fmedia&parent=22256"}],"wp:term":[{"taxonomy":"category","embeddable":true,"href":"http:\/\/wgphoto.pl\/t\/index.php?rest_route=%2Fwp%2Fv2%2Fcategories&post=22256"},{"taxonomy":"post_tag","embeddable":true,"href":"http:\/\/wgphoto.pl\/t\/index.php?rest_route=%2Fwp%2Fv2%2Ftags&post=22256"}],"curies":[{"name":"wp","href":"https:\/\/api.w.org\/{rel}","templated":true}]}}