{"id":22272,"date":"2025-10-26T20:16:47","date_gmt":"2025-10-26T19:16:47","guid":{"rendered":"https:\/\/wgphoto.pl\/t\/?p=22272"},"modified":"2026-01-10T19:03:02","modified_gmt":"2026-01-10T18:03:02","slug":"odjazd-do-wloch","status":"publish","type":"post","link":"http:\/\/wgphoto.pl\/t\/?p=22272","title":{"rendered":"Odjazd do W\u0142och"},"content":{"rendered":"\n<figure class=\"wp-block-image aligncenter size-full\"><img loading=\"lazy\" decoding=\"async\" width=\"1400\" height=\"933\" src=\"http:\/\/wgphoto.pl\/t\/wp-content\/uploads\/2025\/10\/DSCF0544.jpg\" alt=\"\" class=\"wp-image-22260\" srcset=\"http:\/\/wgphoto.pl\/t\/wp-content\/uploads\/2025\/10\/DSCF0544.jpg 1400w, http:\/\/wgphoto.pl\/t\/wp-content\/uploads\/2025\/10\/DSCF0544-300x200.jpg 300w, http:\/\/wgphoto.pl\/t\/wp-content\/uploads\/2025\/10\/DSCF0544-768x512.jpg 768w\" sizes=\"auto, (max-width: 1400px) 100vw, 1400px\" \/><\/figure>\n\n\n\n<div class=\"wp-block-group has-global-padding is-layout-constrained wp-block-group-is-layout-constrained\">\n<p>ETR170-106(?) jako Regionale 17159 do Bolzano-Bozen (planowo do Merano-Meran, ale tam trwa\u0142 remont) odje\u017cd\u017ca ze stacji Brennero-Brenner, nad kt\u00f3r\u0105 niedawno przesta\u0142o pada\u0107 i w\u0142a\u015bnie si\u0119 przeja\u015bnia. Ten moment zawsze powoduje fotogeniczne mgie\u0142ki, szkoda tylko, \u017ce nie mia\u0142em ju\u017c czasu wykorzysta\u0107 ich fotograficznie i musia\u0142em jecha\u0107 dalej do Austrii. 21.07.2025<\/p>\n<\/div>\n","protected":false},"excerpt":{"rendered":"<p>ETR170-106(?) jako Regionale 17159 do Bolzano-Bozen (planowo do Merano-Meran, ale tam trwa\u0142 remont) odje\u017cd\u017ca ze stacji Brennero-Brenner, nad kt\u00f3r\u0105 niedawno przesta\u0142o pada\u0107 i w\u0142a\u015bnie si\u0119 przeja\u015bnia. Ten moment zawsze powoduje fotogeniczne mgie\u0142ki, szkoda tylko, \u017ce nie mia\u0142em ju\u017c czasu wykorzysta\u0107 ich fotograficznie i musia\u0142em jecha\u0107 dalej do Austrii. 21.07.2025<\/p>\n","protected":false},"author":1,"featured_media":22260,"comment_status":"open","ping_status":"","sticky":false,"template":"","format":"standard","meta":{"footnotes":""},"categories":[2,3208],"tags":[4478,4461,4576,112,114,204,4458,110],"class_list":["post-22272","post","type-post","status-publish","format-standard","has-post-thumbnail","hentry","category-kolej","category-rok-2025","tag-2025-07-21","tag-brennerbahn","tag-brennero-brenner","tag-fs","tag-gory","tag-stadler-flirt","tag-wakacje-2025","tag-wlochy"],"_links":{"self":[{"href":"http:\/\/wgphoto.pl\/t\/index.php?rest_route=\/wp\/v2\/posts\/22272","targetHints":{"allow":["GET"]}}],"collection":[{"href":"http:\/\/wgphoto.pl\/t\/index.php?rest_route=\/wp\/v2\/posts"}],"about":[{"href":"http:\/\/wgphoto.pl\/t\/index.php?rest_route=\/wp\/v2\/types\/post"}],"author":[{"embeddable":true,"href":"http:\/\/wgphoto.pl\/t\/index.php?rest_route=\/wp\/v2\/users\/1"}],"replies":[{"embeddable":true,"href":"http:\/\/wgphoto.pl\/t\/index.php?rest_route=%2Fwp%2Fv2%2Fcomments&post=22272"}],"version-history":[{"count":1,"href":"http:\/\/wgphoto.pl\/t\/index.php?rest_route=\/wp\/v2\/posts\/22272\/revisions"}],"predecessor-version":[{"id":22274,"href":"http:\/\/wgphoto.pl\/t\/index.php?rest_route=\/wp\/v2\/posts\/22272\/revisions\/22274"}],"wp:featuredmedia":[{"embeddable":true,"href":"http:\/\/wgphoto.pl\/t\/index.php?rest_route=\/wp\/v2\/media\/22260"}],"wp:attachment":[{"href":"http:\/\/wgphoto.pl\/t\/index.php?rest_route=%2Fwp%2Fv2%2Fmedia&parent=22272"}],"wp:term":[{"taxonomy":"category","embeddable":true,"href":"http:\/\/wgphoto.pl\/t\/index.php?rest_route=%2Fwp%2Fv2%2Fcategories&post=22272"},{"taxonomy":"post_tag","embeddable":true,"href":"http:\/\/wgphoto.pl\/t\/index.php?rest_route=%2Fwp%2Fv2%2Ftags&post=22272"}],"curies":[{"name":"wp","href":"https:\/\/api.w.org\/{rel}","templated":true}]}}