{"id":22276,"date":"2025-10-30T18:18:36","date_gmt":"2025-10-30T17:18:36","guid":{"rendered":"https:\/\/wgphoto.pl\/t\/?p=22276"},"modified":"2025-10-30T18:18:36","modified_gmt":"2025-10-30T17:18:36","slug":"21-lat-temu-2","status":"publish","type":"post","link":"http:\/\/wgphoto.pl\/t\/?p=22276","title":{"rendered":"21 lat temu"},"content":{"rendered":"\n<figure class=\"wp-block-image aligncenter size-full\"><img loading=\"lazy\" decoding=\"async\" width=\"1400\" height=\"911\" src=\"https:\/\/wgphoto.pl\/t\/wp-content\/uploads\/2025\/10\/0429-15_rsn.jpg\" alt=\"\" class=\"wp-image-22277\" srcset=\"http:\/\/wgphoto.pl\/t\/wp-content\/uploads\/2025\/10\/0429-15_rsn.jpg 1400w, http:\/\/wgphoto.pl\/t\/wp-content\/uploads\/2025\/10\/0429-15_rsn-300x195.jpg 300w, http:\/\/wgphoto.pl\/t\/wp-content\/uploads\/2025\/10\/0429-15_rsn-768x500.jpg 768w\" sizes=\"auto, (max-width: 1400px) 100vw, 1400px\" \/><\/figure>\n\n\n\n<div class=\"wp-block-group has-global-padding is-layout-constrained wp-block-group-is-layout-constrained\">\n<p>Wroc\u0142aw, p\u0119tla Opor\u00f3w, a na niej stopi\u0105teczki z trzech zajezdni: 105Na 2542+2543 z O\u0142bina, 105Na+105NaD 2514+2513 z Borka i 105Na 2430 z D\u0105bia. Ten ostatni tramwaj mo\u017ce dziwi\u0107, solo bowiem nie pasuje do obleganej linii 4, by\u0142a to jednak, jak w\u00f3wczas zanotowa\u0142em, przebieranka z linii 16 na Biskupinie, na jedno lub dwa wieczorne &#8222;k\u00f3\u0142ka&#8221;. 30.10.2004<\/p>\n<\/div>\n","protected":false},"excerpt":{"rendered":"<p>Wroc\u0142aw, p\u0119tla Opor\u00f3w, a na niej stopi\u0105teczki z trzech zajezdni: 105Na 2542+2543 z O\u0142bina, 105Na+105NaD 2514+2513 z Borka i 105Na 2430 z D\u0105bia. Ten ostatni tramwaj mo\u017ce dziwi\u0107, solo bowiem nie pasuje do obleganej linii 4, by\u0142a to jednak, jak w\u00f3wczas zanotowa\u0142em, przebieranka z linii 16 na Biskupinie, na jedno lub dwa wieczorne &#8222;k\u00f3\u0142ka&#8221;. 30.10.2004<\/p>\n","protected":false},"author":1,"featured_media":22277,"comment_status":"open","ping_status":"","sticky":false,"template":"","format":"standard","meta":{"footnotes":""},"categories":[62,61,3],"tags":[4577,4578,42,154,27,41,971],"class_list":["post-22276","post","type-post","status-publish","format-standard","has-post-thumbnail","hentry","category-analog","category-rok-2004","category-tramwaj","tag-2004-10-30","tag-konstal-105na","tag-mpk-wroclaw","tag-noc","tag-polska","tag-wroclaw","tag-wroclawskie-solowki"],"_links":{"self":[{"href":"http:\/\/wgphoto.pl\/t\/index.php?rest_route=\/wp\/v2\/posts\/22276","targetHints":{"allow":["GET"]}}],"collection":[{"href":"http:\/\/wgphoto.pl\/t\/index.php?rest_route=\/wp\/v2\/posts"}],"about":[{"href":"http:\/\/wgphoto.pl\/t\/index.php?rest_route=\/wp\/v2\/types\/post"}],"author":[{"embeddable":true,"href":"http:\/\/wgphoto.pl\/t\/index.php?rest_route=\/wp\/v2\/users\/1"}],"replies":[{"embeddable":true,"href":"http:\/\/wgphoto.pl\/t\/index.php?rest_route=%2Fwp%2Fv2%2Fcomments&post=22276"}],"version-history":[{"count":1,"href":"http:\/\/wgphoto.pl\/t\/index.php?rest_route=\/wp\/v2\/posts\/22276\/revisions"}],"predecessor-version":[{"id":22278,"href":"http:\/\/wgphoto.pl\/t\/index.php?rest_route=\/wp\/v2\/posts\/22276\/revisions\/22278"}],"wp:featuredmedia":[{"embeddable":true,"href":"http:\/\/wgphoto.pl\/t\/index.php?rest_route=\/wp\/v2\/media\/22277"}],"wp:attachment":[{"href":"http:\/\/wgphoto.pl\/t\/index.php?rest_route=%2Fwp%2Fv2%2Fmedia&parent=22276"}],"wp:term":[{"taxonomy":"category","embeddable":true,"href":"http:\/\/wgphoto.pl\/t\/index.php?rest_route=%2Fwp%2Fv2%2Fcategories&post=22276"},{"taxonomy":"post_tag","embeddable":true,"href":"http:\/\/wgphoto.pl\/t\/index.php?rest_route=%2Fwp%2Fv2%2Ftags&post=22276"}],"curies":[{"name":"wp","href":"https:\/\/api.w.org\/{rel}","templated":true}]}}