{"id":2236,"date":"2024-10-10T17:32:00","date_gmt":"2024-10-10T15:32:00","guid":{"rendered":"https:\/\/wgphoto.pl\/t\/?p=2236"},"modified":"2024-10-10T17:32:00","modified_gmt":"2024-10-10T15:32:00","slug":"strecno-5-minut-pozniej","status":"publish","type":"post","link":"http:\/\/wgphoto.pl\/t\/?p=2236","title":{"rendered":"Stre\u010dno 5 minut p\u00f3\u017aniej"},"content":{"rendered":"\n<figure class=\"wp-block-image aligncenter size-full\"><img loading=\"lazy\" decoding=\"async\" width=\"1200\" height=\"795\" src=\"https:\/\/wgphoto.pl\/t\/wp-content\/uploads\/2024\/10\/IMGP5057.jpg\" alt=\"\" class=\"wp-image-2237\" srcset=\"http:\/\/wgphoto.pl\/t\/wp-content\/uploads\/2024\/10\/IMGP5057.jpg 1200w, http:\/\/wgphoto.pl\/t\/wp-content\/uploads\/2024\/10\/IMGP5057-300x199.jpg 300w, http:\/\/wgphoto.pl\/t\/wp-content\/uploads\/2024\/10\/IMGP5057-768x509.jpg 768w\" sizes=\"auto, (max-width: 1200px) 100vw, 1200px\" \/><\/figure>\n\n\n\n<div class=\"wp-block-group has-global-padding is-layout-constrained wp-block-group-is-layout-constrained\">\n<p>5 minut po przeje\u017adzie poci\u0105gu z poprzedniego zdj\u0119cia w kadrze pojawi\u0142 si\u0119 towar typowy dla kolei koszycko-bogumi\u0144skiej (cho\u0107 tutaj chyba nie wiezie rudy, lecz jest pusty). Przez wznosz\u0105c\u0105 si\u0119 mg\u0142\u0119 po kilku godzinach przebi\u0142o si\u0119 s\u0142o\u0144ce, pokazuj\u0105c tym samym, \u017ce dobre \u015bwiat\u0142o w tym uj\u0119ciu w\u0142a\u015bnie si\u0119 sko\u0144czy\u0142o &#8211; czo\u0142o lokomotywy jest ju\u017c w zasadzie w cieniu. 17.08.2019<\/p>\n<\/div>\n","protected":false},"excerpt":{"rendered":"<p>5 minut po przeje\u017adzie poci\u0105gu z poprzedniego zdj\u0119cia w kadrze pojawi\u0142 si\u0119 towar typowy dla kolei koszycko-bogumi\u0144skiej (cho\u0107 tutaj chyba nie wiezie rudy, lecz jest pusty). Przez wznosz\u0105c\u0105 si\u0119 mg\u0142\u0119 po kilku godzinach przebi\u0142o si\u0119 s\u0142o\u0144ce, pokazuj\u0105c tym samym, \u017ce dobre \u015bwiat\u0142o w tym uj\u0119ciu w\u0142a\u015bnie si\u0119 sko\u0144czy\u0142o &#8211; czo\u0142o lokomotywy jest ju\u017c w zasadzie [&hellip;]<\/p>\n","protected":false},"author":1,"featured_media":2237,"comment_status":"open","ping_status":"","sticky":false,"template":"","format":"standard","meta":{"footnotes":""},"categories":[2,136],"tags":[679,1169,114,113,1167,176,1168,675,469],"class_list":["post-2236","post","type-post","status-publish","format-standard","has-post-thumbnail","hentry","category-kolej","category-rok-2019","tag-679","tag-2019-08-17","tag-gory","tag-landszaft","tag-nezbudska-lucka-strecno","tag-rano","tag-sierpniowka-2019","tag-slowacja","tag-zssk"],"_links":{"self":[{"href":"http:\/\/wgphoto.pl\/t\/index.php?rest_route=\/wp\/v2\/posts\/2236","targetHints":{"allow":["GET"]}}],"collection":[{"href":"http:\/\/wgphoto.pl\/t\/index.php?rest_route=\/wp\/v2\/posts"}],"about":[{"href":"http:\/\/wgphoto.pl\/t\/index.php?rest_route=\/wp\/v2\/types\/post"}],"author":[{"embeddable":true,"href":"http:\/\/wgphoto.pl\/t\/index.php?rest_route=\/wp\/v2\/users\/1"}],"replies":[{"embeddable":true,"href":"http:\/\/wgphoto.pl\/t\/index.php?rest_route=%2Fwp%2Fv2%2Fcomments&post=2236"}],"version-history":[{"count":1,"href":"http:\/\/wgphoto.pl\/t\/index.php?rest_route=\/wp\/v2\/posts\/2236\/revisions"}],"predecessor-version":[{"id":2238,"href":"http:\/\/wgphoto.pl\/t\/index.php?rest_route=\/wp\/v2\/posts\/2236\/revisions\/2238"}],"wp:featuredmedia":[{"embeddable":true,"href":"http:\/\/wgphoto.pl\/t\/index.php?rest_route=\/wp\/v2\/media\/2237"}],"wp:attachment":[{"href":"http:\/\/wgphoto.pl\/t\/index.php?rest_route=%2Fwp%2Fv2%2Fmedia&parent=2236"}],"wp:term":[{"taxonomy":"category","embeddable":true,"href":"http:\/\/wgphoto.pl\/t\/index.php?rest_route=%2Fwp%2Fv2%2Fcategories&post=2236"},{"taxonomy":"post_tag","embeddable":true,"href":"http:\/\/wgphoto.pl\/t\/index.php?rest_route=%2Fwp%2Fv2%2Ftags&post=2236"}],"curies":[{"name":"wp","href":"https:\/\/api.w.org\/{rel}","templated":true}]}}