{"id":22383,"date":"2025-11-12T17:08:19","date_gmt":"2025-11-12T16:08:19","guid":{"rendered":"https:\/\/wgphoto.pl\/t\/?p=22383"},"modified":"2026-02-22T21:37:11","modified_gmt":"2026-02-22T20:37:11","slug":"nadal-bialo-czerwono","status":"publish","type":"post","link":"http:\/\/wgphoto.pl\/t\/?p=22383","title":{"rendered":"Nadal bia\u0142o-czerwono"},"content":{"rendered":"\n<figure class=\"wp-block-image aligncenter size-full\"><img loading=\"lazy\" decoding=\"async\" width=\"1400\" height=\"927\" src=\"https:\/\/wgphoto.pl\/t\/wp-content\/uploads\/2025\/11\/IMGP0235.jpg\" alt=\"\" class=\"wp-image-22384\" srcset=\"http:\/\/wgphoto.pl\/t\/wp-content\/uploads\/2025\/11\/IMGP0235.jpg 1400w, http:\/\/wgphoto.pl\/t\/wp-content\/uploads\/2025\/11\/IMGP0235-300x199.jpg 300w, http:\/\/wgphoto.pl\/t\/wp-content\/uploads\/2025\/11\/IMGP0235-768x509.jpg 768w\" sizes=\"auto, (max-width: 1400px) 100vw, 1400px\" \/><\/figure>\n\n\n\n<div class=\"wp-block-group has-global-padding is-layout-constrained wp-block-group-is-layout-constrained\">\n<p>Jednostka 4746.077 jako linia S3 zatrzymuje si\u0119 w ulewnym deszczu na przystanku Wien Handelskai. Na ko\u0144cach peronu stoj\u0105 jeszcze charakterystyczne tablice wed\u0142ug wzoru z lat 90., bez &#8222;Wiednia&#8221; w nazwie, gdy\u017c tak w\u00f3wczas oznaczano przystanki. Warto zwr\u00f3ci\u0107 r\u00f3wnie\u017c uwag\u0119 na tabliczki, jak mniemam, zatrzymania czo\u0142a poci\u0105gu o d\u0142ugo\u015bci 150 m oraz prowadzonego lokomotyw\u0105, odsuni\u0119te od siebie o kilka metr\u00f3w. Sk\u0142ad zje\u017cd\u017ca z mostu nad Dunajem, kt\u00f3ry niedawno wyposa\u017cono w sztywn\u0105 sie\u0107 na szynie pr\u0105dowej. Klikaj\u0105c w tag lokalizacji mo\u017cna znale\u017a\u0107 starsze zdj\u0119cie z tego mostu, gdzie takiego rozwi\u0105zania jeszcze nie wida\u0107. 13.09.2024<\/p>\n<\/div>\n","protected":false},"excerpt":{"rendered":"<p>Jednostka 4746.077 jako linia S3 zatrzymuje si\u0119 w ulewnym deszczu na przystanku Wien Handelskai. Na ko\u0144cach peronu stoj\u0105 jeszcze charakterystyczne tablice wed\u0142ug wzoru z lat 90., bez &#8222;Wiednia&#8221; w nazwie, gdy\u017c tak w\u00f3wczas oznaczano przystanki. Warto zwr\u00f3ci\u0107 r\u00f3wnie\u017c uwag\u0119 na tabliczki, jak mniemam, zatrzymania czo\u0142a poci\u0105gu o d\u0142ugo\u015bci 150 m oraz prowadzonego lokomotyw\u0105, odsuni\u0119te od [&hellip;]<\/p>\n","protected":false},"author":1,"featured_media":22384,"comment_status":"open","ping_status":"","sticky":false,"template":"","format":"standard","meta":{"footnotes":""},"categories":[2,5],"tags":[4585,4586,9,13,1374,45,11,2322,4242,550,97,2324],"class_list":["post-22383","post","type-post","status-publish","format-standard","has-post-thumbnail","hentry","category-kolej","category-2024r","tag-2024-09-13","tag-4586","tag-austria","tag-deszcz","tag-kolej-podmiejska","tag-most","tag-obb","tag-s-bahn-wien","tag-siemens-desiro-ml","tag-wakacje-2024","tag-wieden","tag-wien-handelskai"],"_links":{"self":[{"href":"http:\/\/wgphoto.pl\/t\/index.php?rest_route=\/wp\/v2\/posts\/22383","targetHints":{"allow":["GET"]}}],"collection":[{"href":"http:\/\/wgphoto.pl\/t\/index.php?rest_route=\/wp\/v2\/posts"}],"about":[{"href":"http:\/\/wgphoto.pl\/t\/index.php?rest_route=\/wp\/v2\/types\/post"}],"author":[{"embeddable":true,"href":"http:\/\/wgphoto.pl\/t\/index.php?rest_route=\/wp\/v2\/users\/1"}],"replies":[{"embeddable":true,"href":"http:\/\/wgphoto.pl\/t\/index.php?rest_route=%2Fwp%2Fv2%2Fcomments&post=22383"}],"version-history":[{"count":1,"href":"http:\/\/wgphoto.pl\/t\/index.php?rest_route=\/wp\/v2\/posts\/22383\/revisions"}],"predecessor-version":[{"id":22385,"href":"http:\/\/wgphoto.pl\/t\/index.php?rest_route=\/wp\/v2\/posts\/22383\/revisions\/22385"}],"wp:featuredmedia":[{"embeddable":true,"href":"http:\/\/wgphoto.pl\/t\/index.php?rest_route=\/wp\/v2\/media\/22384"}],"wp:attachment":[{"href":"http:\/\/wgphoto.pl\/t\/index.php?rest_route=%2Fwp%2Fv2%2Fmedia&parent=22383"}],"wp:term":[{"taxonomy":"category","embeddable":true,"href":"http:\/\/wgphoto.pl\/t\/index.php?rest_route=%2Fwp%2Fv2%2Fcategories&post=22383"},{"taxonomy":"post_tag","embeddable":true,"href":"http:\/\/wgphoto.pl\/t\/index.php?rest_route=%2Fwp%2Fv2%2Ftags&post=22383"}],"curies":[{"name":"wp","href":"https:\/\/api.w.org\/{rel}","templated":true}]}}