{"id":22409,"date":"2025-11-22T16:34:28","date_gmt":"2025-11-22T15:34:28","guid":{"rendered":"https:\/\/wgphoto.pl\/t\/?p=22409"},"modified":"2025-11-25T22:15:25","modified_gmt":"2025-11-25T21:15:25","slug":"kartka-z-kalendarza-22-lata-temu","status":"publish","type":"post","link":"http:\/\/wgphoto.pl\/t\/?p=22409","title":{"rendered":"22 lata temu"},"content":{"rendered":"\n<figure class=\"wp-block-image aligncenter size-full\"><img loading=\"lazy\" decoding=\"async\" width=\"1400\" height=\"927\" src=\"https:\/\/wgphoto.pl\/t\/wp-content\/uploads\/2025\/11\/0338-14_rsn.jpg\" alt=\"\" class=\"wp-image-22410\" srcset=\"http:\/\/wgphoto.pl\/t\/wp-content\/uploads\/2025\/11\/0338-14_rsn.jpg 1400w, http:\/\/wgphoto.pl\/t\/wp-content\/uploads\/2025\/11\/0338-14_rsn-300x199.jpg 300w, http:\/\/wgphoto.pl\/t\/wp-content\/uploads\/2025\/11\/0338-14_rsn-768x509.jpg 768w\" sizes=\"auto, (max-width: 1400px) 100vw, 1400px\" \/><\/figure>\n\n\n\n<div class=\"wp-block-group has-global-padding is-layout-constrained wp-block-group-is-layout-constrained\">\n<p>SP32-148 z poci\u0105giem osobowym 7722 z Wa\u0142brzycha G\u0142. do Lubawki mija dawny Podg Kru\u017cyn. W tle widoczny jest kikut semafora wjazdowego do posterunku. 22.11.2003<\/p>\n<\/div>\n\n\n\n<p><\/p>\n","protected":false},"excerpt":{"rendered":"<p>SP32-148 z poci\u0105giem osobowym 7722 z Wa\u0142brzycha G\u0142. do Lubawki mija dawny Podg Kru\u017cyn. W tle widoczny jest kikut semafora wjazdowego do posterunku. 22.11.2003<\/p>\n","protected":false},"author":1,"featured_media":22410,"comment_status":"open","ping_status":"","sticky":false,"template":"","format":"standard","meta":{"footnotes":""},"categories":[62,2,149],"tags":[1854,629,63,27,1061,385,627],"class_list":["post-22409","post","type-post","status-publish","format-standard","has-post-thumbnail","hentry","category-analog","category-kolej","category-rok-2003","tag-2003-11-22","tag-kamienna-gora","tag-pkp","tag-polska","tag-sedzislaw","tag-sp32","tag-tab-pl247"],"_links":{"self":[{"href":"http:\/\/wgphoto.pl\/t\/index.php?rest_route=\/wp\/v2\/posts\/22409","targetHints":{"allow":["GET"]}}],"collection":[{"href":"http:\/\/wgphoto.pl\/t\/index.php?rest_route=\/wp\/v2\/posts"}],"about":[{"href":"http:\/\/wgphoto.pl\/t\/index.php?rest_route=\/wp\/v2\/types\/post"}],"author":[{"embeddable":true,"href":"http:\/\/wgphoto.pl\/t\/index.php?rest_route=\/wp\/v2\/users\/1"}],"replies":[{"embeddable":true,"href":"http:\/\/wgphoto.pl\/t\/index.php?rest_route=%2Fwp%2Fv2%2Fcomments&post=22409"}],"version-history":[{"count":2,"href":"http:\/\/wgphoto.pl\/t\/index.php?rest_route=\/wp\/v2\/posts\/22409\/revisions"}],"predecessor-version":[{"id":22412,"href":"http:\/\/wgphoto.pl\/t\/index.php?rest_route=\/wp\/v2\/posts\/22409\/revisions\/22412"}],"wp:featuredmedia":[{"embeddable":true,"href":"http:\/\/wgphoto.pl\/t\/index.php?rest_route=\/wp\/v2\/media\/22410"}],"wp:attachment":[{"href":"http:\/\/wgphoto.pl\/t\/index.php?rest_route=%2Fwp%2Fv2%2Fmedia&parent=22409"}],"wp:term":[{"taxonomy":"category","embeddable":true,"href":"http:\/\/wgphoto.pl\/t\/index.php?rest_route=%2Fwp%2Fv2%2Fcategories&post=22409"},{"taxonomy":"post_tag","embeddable":true,"href":"http:\/\/wgphoto.pl\/t\/index.php?rest_route=%2Fwp%2Fv2%2Ftags&post=22409"}],"curies":[{"name":"wp","href":"https:\/\/api.w.org\/{rel}","templated":true}]}}