{"id":22452,"date":"2025-12-09T18:31:44","date_gmt":"2025-12-09T17:31:44","guid":{"rendered":"https:\/\/wgphoto.pl\/t\/?p=22452"},"modified":"2025-12-09T18:31:44","modified_gmt":"2025-12-09T17:31:44","slug":"vastra-skogen","status":"publish","type":"post","link":"http:\/\/wgphoto.pl\/t\/?p=22452","title":{"rendered":"V\u00e4stra Skogen"},"content":{"rendered":"\n<figure class=\"wp-block-image aligncenter size-full\"><img loading=\"lazy\" decoding=\"async\" width=\"1400\" height=\"927\" src=\"https:\/\/wgphoto.pl\/t\/wp-content\/uploads\/2025\/12\/IMGP4899.jpg\" alt=\"\" class=\"wp-image-22453\" srcset=\"http:\/\/wgphoto.pl\/t\/wp-content\/uploads\/2025\/12\/IMGP4899.jpg 1400w, http:\/\/wgphoto.pl\/t\/wp-content\/uploads\/2025\/12\/IMGP4899-300x199.jpg 300w, http:\/\/wgphoto.pl\/t\/wp-content\/uploads\/2025\/12\/IMGP4899-768x509.jpg 768w\" sizes=\"auto, (max-width: 1400px) 100vw, 1400px\" \/><\/figure>\n\n\n\n<div class=\"wp-block-group has-global-padding is-layout-constrained wp-block-group-is-layout-constrained\">\n<p>Poci\u0105g typu C20 (z ty\u0142u wagon nr 2159) na stacji V\u00e4stra Skogen w Sztokholmie. 26.09.2021<\/p>\n<\/div>\n","protected":false},"excerpt":{"rendered":"<p>Poci\u0105g typu C20 (z ty\u0142u wagon nr 2159) na stacji V\u00e4stra Skogen w Sztokholmie. 26.09.2021<\/p>\n","protected":false},"author":1,"featured_media":22453,"comment_status":"open","ping_status":"","sticky":false,"template":"","format":"standard","meta":{"footnotes":""},"categories":[4,681],"tags":[2117,1129,173,682,719,1127,686,685,687,15],"class_list":["post-22452","post","type-post","status-publish","format-standard","has-post-thumbnail","hentry","category-metro","category-rok-2021","tag-2021-09-26","tag-c20","tag-koncowki","tag-sl-stockholm","tag-stacje-sztokholmskiego-metra","tag-stockholms-tunnelbana","tag-sztokholm","tag-szwecja","tag-szwecja-2021","tag-tunel"],"_links":{"self":[{"href":"http:\/\/wgphoto.pl\/t\/index.php?rest_route=\/wp\/v2\/posts\/22452","targetHints":{"allow":["GET"]}}],"collection":[{"href":"http:\/\/wgphoto.pl\/t\/index.php?rest_route=\/wp\/v2\/posts"}],"about":[{"href":"http:\/\/wgphoto.pl\/t\/index.php?rest_route=\/wp\/v2\/types\/post"}],"author":[{"embeddable":true,"href":"http:\/\/wgphoto.pl\/t\/index.php?rest_route=\/wp\/v2\/users\/1"}],"replies":[{"embeddable":true,"href":"http:\/\/wgphoto.pl\/t\/index.php?rest_route=%2Fwp%2Fv2%2Fcomments&post=22452"}],"version-history":[{"count":1,"href":"http:\/\/wgphoto.pl\/t\/index.php?rest_route=\/wp\/v2\/posts\/22452\/revisions"}],"predecessor-version":[{"id":22454,"href":"http:\/\/wgphoto.pl\/t\/index.php?rest_route=\/wp\/v2\/posts\/22452\/revisions\/22454"}],"wp:featuredmedia":[{"embeddable":true,"href":"http:\/\/wgphoto.pl\/t\/index.php?rest_route=\/wp\/v2\/media\/22453"}],"wp:attachment":[{"href":"http:\/\/wgphoto.pl\/t\/index.php?rest_route=%2Fwp%2Fv2%2Fmedia&parent=22452"}],"wp:term":[{"taxonomy":"category","embeddable":true,"href":"http:\/\/wgphoto.pl\/t\/index.php?rest_route=%2Fwp%2Fv2%2Fcategories&post=22452"},{"taxonomy":"post_tag","embeddable":true,"href":"http:\/\/wgphoto.pl\/t\/index.php?rest_route=%2Fwp%2Fv2%2Ftags&post=22452"}],"curies":[{"name":"wp","href":"https:\/\/api.w.org\/{rel}","templated":true}]}}