{"id":22461,"date":"2025-12-09T18:34:42","date_gmt":"2025-12-09T17:34:42","guid":{"rendered":"https:\/\/wgphoto.pl\/t\/?p=22461"},"modified":"2025-12-09T18:34:42","modified_gmt":"2025-12-09T17:34:42","slug":"kadr-ociekajacy-deszczem","status":"publish","type":"post","link":"http:\/\/wgphoto.pl\/t\/?p=22461","title":{"rendered":"Kadr ociekaj\u0105cy deszczem"},"content":{"rendered":"\n<figure class=\"wp-block-image aligncenter size-full\"><img loading=\"lazy\" decoding=\"async\" width=\"1400\" height=\"927\" src=\"https:\/\/wgphoto.pl\/t\/wp-content\/uploads\/2025\/12\/IMGP9678.jpg\" alt=\"\" class=\"wp-image-22462\" srcset=\"http:\/\/wgphoto.pl\/t\/wp-content\/uploads\/2025\/12\/IMGP9678.jpg 1400w, http:\/\/wgphoto.pl\/t\/wp-content\/uploads\/2025\/12\/IMGP9678-300x199.jpg 300w, http:\/\/wgphoto.pl\/t\/wp-content\/uploads\/2025\/12\/IMGP9678-768x509.jpg 768w\" sizes=\"auto, (max-width: 1400px) 100vw, 1400px\" \/><\/figure>\n\n\n\n<div class=\"wp-block-group has-global-padding is-layout-constrained wp-block-group-is-layout-constrained\">\n<p>1216.229 udziela mocy sk\u0142adowi Railjet, kt\u00f3ry w drodze z Grazu do Pragi min\u0105\u0142 Breitensten am Semmering i wje\u017cd\u017ca w tunel Weinzettelwand. 09.09.2024<\/p>\n<\/div>\n","protected":false},"excerpt":{"rendered":"<p>1216.229 udziela mocy sk\u0142adowi Railjet, kt\u00f3ry w drodze z Grazu do Pragi min\u0105\u0142 Breitensten am Semmering i wje\u017cd\u017ca w tunel Weinzettelwand. 09.09.2024<\/p>\n","protected":false},"author":1,"featured_media":22462,"comment_status":"open","ping_status":"","sticky":false,"template":"","format":"standard","meta":{"footnotes":""},"categories":[2,5],"tags":[17,9,549,13,114,11,12,119,15,550],"class_list":["post-22461","post","type-post","status-publish","format-standard","has-post-thumbnail","hentry","category-kolej","category-2024r","tag-2024-09-09","tag-austria","tag-breitenstein","tag-deszcz","tag-gory","tag-obb","tag-semmeringbahn","tag-siemens-taurus","tag-tunel","tag-wakacje-2024"],"_links":{"self":[{"href":"http:\/\/wgphoto.pl\/t\/index.php?rest_route=\/wp\/v2\/posts\/22461","targetHints":{"allow":["GET"]}}],"collection":[{"href":"http:\/\/wgphoto.pl\/t\/index.php?rest_route=\/wp\/v2\/posts"}],"about":[{"href":"http:\/\/wgphoto.pl\/t\/index.php?rest_route=\/wp\/v2\/types\/post"}],"author":[{"embeddable":true,"href":"http:\/\/wgphoto.pl\/t\/index.php?rest_route=\/wp\/v2\/users\/1"}],"replies":[{"embeddable":true,"href":"http:\/\/wgphoto.pl\/t\/index.php?rest_route=%2Fwp%2Fv2%2Fcomments&post=22461"}],"version-history":[{"count":1,"href":"http:\/\/wgphoto.pl\/t\/index.php?rest_route=\/wp\/v2\/posts\/22461\/revisions"}],"predecessor-version":[{"id":22463,"href":"http:\/\/wgphoto.pl\/t\/index.php?rest_route=\/wp\/v2\/posts\/22461\/revisions\/22463"}],"wp:featuredmedia":[{"embeddable":true,"href":"http:\/\/wgphoto.pl\/t\/index.php?rest_route=\/wp\/v2\/media\/22462"}],"wp:attachment":[{"href":"http:\/\/wgphoto.pl\/t\/index.php?rest_route=%2Fwp%2Fv2%2Fmedia&parent=22461"}],"wp:term":[{"taxonomy":"category","embeddable":true,"href":"http:\/\/wgphoto.pl\/t\/index.php?rest_route=%2Fwp%2Fv2%2Fcategories&post=22461"},{"taxonomy":"post_tag","embeddable":true,"href":"http:\/\/wgphoto.pl\/t\/index.php?rest_route=%2Fwp%2Fv2%2Ftags&post=22461"}],"curies":[{"name":"wp","href":"https:\/\/api.w.org\/{rel}","templated":true}]}}