{"id":2276,"date":"2024-10-11T19:43:31","date_gmt":"2024-10-11T17:43:31","guid":{"rendered":"https:\/\/wgphoto.pl\/t\/?p=2276"},"modified":"2024-10-11T19:43:31","modified_gmt":"2024-10-11T17:43:31","slug":"942h-na-dermie","status":"publish","type":"post","link":"http:\/\/wgphoto.pl\/t\/?p=2276","title":{"rendered":"9:42h na dermie"},"content":{"rendered":"\n<figure class=\"wp-block-image aligncenter size-full\"><img loading=\"lazy\" decoding=\"async\" width=\"1200\" height=\"803\" src=\"https:\/\/wgphoto.pl\/t\/wp-content\/uploads\/2024\/10\/IMGP8149.jpg\" alt=\"\" class=\"wp-image-2277\" srcset=\"http:\/\/wgphoto.pl\/t\/wp-content\/uploads\/2024\/10\/IMGP8149.jpg 1200w, http:\/\/wgphoto.pl\/t\/wp-content\/uploads\/2024\/10\/IMGP8149-300x201.jpg 300w, http:\/\/wgphoto.pl\/t\/wp-content\/uploads\/2024\/10\/IMGP8149-768x514.jpg 768w\" sizes=\"auto, (max-width: 1200px) 100vw, 1200px\" \/><\/figure>\n\n\n\n<div class=\"wp-block-group has-global-padding is-layout-constrained wp-block-group-is-layout-constrained\">\n<p>Poci\u0105g osobowy 6841 &#8222;Karmazyn&#8221; relacji Wroc\u0142aw G\u0142\u00f3wny &#8211; Kamie\u0144 Pomorski (z ty\u0142u EN57-977) odje\u017cd\u017ca z G\u0105dkowa Wielkiego. To by\u0142a chyba najd\u0142u\u017csza w\u00f3wczas relacja poci\u0105gu osobowego &#8211; 446 km i 9:42h jazdy. 02.08.2009<\/p>\n<\/div>\n","protected":false},"excerpt":{"rendered":"<p>Poci\u0105g osobowy 6841 &#8222;Karmazyn&#8221; relacji Wroc\u0142aw G\u0142\u00f3wny &#8211; Kamie\u0144 Pomorski (z ty\u0142u EN57-977) odje\u017cd\u017ca z G\u0105dkowa Wielkiego. To by\u0142a chyba najd\u0142u\u017csza w\u00f3wczas relacja poci\u0105gu osobowego &#8211; 446 km i 9:42h jazdy. 02.08.2009<\/p>\n","protected":false},"author":1,"featured_media":2277,"comment_status":"open","ping_status":"","sticky":false,"template":"","format":"standard","meta":{"footnotes":""},"categories":[2,169],"tags":[1070,132,133,173,1025,63,27,1071],"class_list":["post-2276","post","type-post","status-publish","format-standard","has-post-thumbnail","hentry","category-kolej","category-rok-2009","tag-2009-08-02","tag-en57","tag-gadkow-wielki","tag-koncowki","tag-nadodrzanka","tag-pkp","tag-polska","tag-tab-pl355"],"_links":{"self":[{"href":"http:\/\/wgphoto.pl\/t\/index.php?rest_route=\/wp\/v2\/posts\/2276","targetHints":{"allow":["GET"]}}],"collection":[{"href":"http:\/\/wgphoto.pl\/t\/index.php?rest_route=\/wp\/v2\/posts"}],"about":[{"href":"http:\/\/wgphoto.pl\/t\/index.php?rest_route=\/wp\/v2\/types\/post"}],"author":[{"embeddable":true,"href":"http:\/\/wgphoto.pl\/t\/index.php?rest_route=\/wp\/v2\/users\/1"}],"replies":[{"embeddable":true,"href":"http:\/\/wgphoto.pl\/t\/index.php?rest_route=%2Fwp%2Fv2%2Fcomments&post=2276"}],"version-history":[{"count":1,"href":"http:\/\/wgphoto.pl\/t\/index.php?rest_route=\/wp\/v2\/posts\/2276\/revisions"}],"predecessor-version":[{"id":2278,"href":"http:\/\/wgphoto.pl\/t\/index.php?rest_route=\/wp\/v2\/posts\/2276\/revisions\/2278"}],"wp:featuredmedia":[{"embeddable":true,"href":"http:\/\/wgphoto.pl\/t\/index.php?rest_route=\/wp\/v2\/media\/2277"}],"wp:attachment":[{"href":"http:\/\/wgphoto.pl\/t\/index.php?rest_route=%2Fwp%2Fv2%2Fmedia&parent=2276"}],"wp:term":[{"taxonomy":"category","embeddable":true,"href":"http:\/\/wgphoto.pl\/t\/index.php?rest_route=%2Fwp%2Fv2%2Fcategories&post=2276"},{"taxonomy":"post_tag","embeddable":true,"href":"http:\/\/wgphoto.pl\/t\/index.php?rest_route=%2Fwp%2Fv2%2Ftags&post=2276"}],"curies":[{"name":"wp","href":"https:\/\/api.w.org\/{rel}","templated":true}]}}