{"id":22829,"date":"2026-01-30T19:14:17","date_gmt":"2026-01-30T18:14:17","guid":{"rendered":"https:\/\/wgphoto.pl\/t\/?p=22829"},"modified":"2026-01-31T11:23:17","modified_gmt":"2026-01-31T10:23:17","slug":"mazurska-zielen","status":"publish","type":"post","link":"http:\/\/wgphoto.pl\/t\/?p=22829","title":{"rendered":"Mazurska ziele\u0144"},"content":{"rendered":"\n<figure class=\"wp-block-image aligncenter size-full\"><img loading=\"lazy\" decoding=\"async\" width=\"1400\" height=\"927\" src=\"https:\/\/wgphoto.pl\/t\/wp-content\/uploads\/2026\/01\/0722-07_rsn.jpg\" alt=\"\" class=\"wp-image-22830\" srcset=\"http:\/\/wgphoto.pl\/t\/wp-content\/uploads\/2026\/01\/0722-07_rsn.jpg 1400w, http:\/\/wgphoto.pl\/t\/wp-content\/uploads\/2026\/01\/0722-07_rsn-300x199.jpg 300w, http:\/\/wgphoto.pl\/t\/wp-content\/uploads\/2026\/01\/0722-07_rsn-768x509.jpg 768w\" sizes=\"auto, (max-width: 1400px) 100vw, 1400px\" \/><\/figure>\n\n\n\n<div class=\"wp-block-group has-global-padding is-layout-constrained wp-block-group-is-layout-constrained\">\n<p>SU45-078 z poci\u0105giem 54413 TLK &#8222;Pojezierze&#8221; z E\u0142ku do Gliwic za moment minie przystanek Ster\u0142awki Ma\u0142e. Oczywi\u015bcie nie pami\u0119ta\u0142em dok\u0142adnej lokalizacji, pomocny okaza\u0142 si\u0119 jednak s\u0142upek hektometrowy. 19.08.2007<\/p>\n<\/div>\n","protected":false},"excerpt":{"rendered":"<p>SU45-078 z poci\u0105giem 54413 TLK &#8222;Pojezierze&#8221; z E\u0142ku do Gliwic za moment minie przystanek Ster\u0142awki Ma\u0142e. Oczywi\u015bcie nie pami\u0119ta\u0142em dok\u0142adnej lokalizacji, pomocny okaza\u0142 si\u0119 jednak s\u0142upek hektometrowy. 19.08.2007<\/p>\n","protected":false},"author":1,"featured_media":22830,"comment_status":"open","ping_status":"","sticky":false,"template":"","format":"standard","meta":{"footnotes":""},"categories":[62,2,96],"tags":[896,63,27,2636,290,322],"class_list":["post-22829","post","type-post","status-publish","format-standard","has-post-thumbnail","hentry","category-analog","category-kolej","category-rok-2007","tag-2007-08-19","tag-pkp","tag-polska","tag-sterlawki-male","tag-su45","tag-tab-pl510"],"_links":{"self":[{"href":"http:\/\/wgphoto.pl\/t\/index.php?rest_route=\/wp\/v2\/posts\/22829","targetHints":{"allow":["GET"]}}],"collection":[{"href":"http:\/\/wgphoto.pl\/t\/index.php?rest_route=\/wp\/v2\/posts"}],"about":[{"href":"http:\/\/wgphoto.pl\/t\/index.php?rest_route=\/wp\/v2\/types\/post"}],"author":[{"embeddable":true,"href":"http:\/\/wgphoto.pl\/t\/index.php?rest_route=\/wp\/v2\/users\/1"}],"replies":[{"embeddable":true,"href":"http:\/\/wgphoto.pl\/t\/index.php?rest_route=%2Fwp%2Fv2%2Fcomments&post=22829"}],"version-history":[{"count":2,"href":"http:\/\/wgphoto.pl\/t\/index.php?rest_route=\/wp\/v2\/posts\/22829\/revisions"}],"predecessor-version":[{"id":22857,"href":"http:\/\/wgphoto.pl\/t\/index.php?rest_route=\/wp\/v2\/posts\/22829\/revisions\/22857"}],"wp:featuredmedia":[{"embeddable":true,"href":"http:\/\/wgphoto.pl\/t\/index.php?rest_route=\/wp\/v2\/media\/22830"}],"wp:attachment":[{"href":"http:\/\/wgphoto.pl\/t\/index.php?rest_route=%2Fwp%2Fv2%2Fmedia&parent=22829"}],"wp:term":[{"taxonomy":"category","embeddable":true,"href":"http:\/\/wgphoto.pl\/t\/index.php?rest_route=%2Fwp%2Fv2%2Fcategories&post=22829"},{"taxonomy":"post_tag","embeddable":true,"href":"http:\/\/wgphoto.pl\/t\/index.php?rest_route=%2Fwp%2Fv2%2Ftags&post=22829"}],"curies":[{"name":"wp","href":"https:\/\/api.w.org\/{rel}","templated":true}]}}