{"id":22832,"date":"2026-01-30T19:42:59","date_gmt":"2026-01-30T18:42:59","guid":{"rendered":"https:\/\/wgphoto.pl\/t\/?p=22832"},"modified":"2026-01-30T19:42:59","modified_gmt":"2026-01-30T18:42:59","slug":"pierwsze-foto-w-nowym-roku","status":"publish","type":"post","link":"http:\/\/wgphoto.pl\/t\/?p=22832","title":{"rendered":"Pierwsze foto w nowym roku"},"content":{"rendered":"\n<figure class=\"wp-block-image aligncenter size-full\"><img loading=\"lazy\" decoding=\"async\" width=\"1400\" height=\"933\" src=\"https:\/\/wgphoto.pl\/t\/wp-content\/uploads\/2026\/01\/DSFN2149.jpg\" alt=\"\" class=\"wp-image-22833\" srcset=\"http:\/\/wgphoto.pl\/t\/wp-content\/uploads\/2026\/01\/DSFN2149.jpg 1400w, http:\/\/wgphoto.pl\/t\/wp-content\/uploads\/2026\/01\/DSFN2149-300x200.jpg 300w, http:\/\/wgphoto.pl\/t\/wp-content\/uploads\/2026\/01\/DSFN2149-768x512.jpg 768w\" sizes=\"auto, (max-width: 1400px) 100vw, 1400px\" \/><\/figure>\n\n\n\n<div class=\"wp-block-group has-global-padding is-layout-constrained wp-block-group-is-layout-constrained\">\n<p>Wroc\u0142aw, ul. Jedno\u015bci Narodowej. Moderus LF07AC nr 202 (nie pytajcie sk\u0105d taki numer) i poranny atak zimy, kt\u00f3ry zach\u0119ci\u0142 mnie do zabrania ze sob\u0105 aparatu, co poskutkowa\u0142o takim oto zdj\u0119ciem w drodze do pracy. 13.01.2026<\/p>\n<\/div>\n","protected":false},"excerpt":{"rendered":"<p>Wroc\u0142aw, ul. Jedno\u015bci Narodowej. Moderus LF07AC nr 202 (nie pytajcie sk\u0105d taki numer) i poranny atak zimy, kt\u00f3ry zach\u0119ci\u0142 mnie do zabrania ze sob\u0105 aparatu, co poskutkowa\u0142o takim oto zdj\u0119ciem w drodze do pracy. 13.01.2026<\/p>\n","protected":false},"author":1,"featured_media":22833,"comment_status":"open","ping_status":"","sticky":false,"template":"","format":"standard","meta":{"footnotes":""},"categories":[4643,3],"tags":[4646,91,240,42,27,176,44,41],"class_list":["post-22832","post","type-post","status-publish","format-standard","has-post-thumbnail","hentry","category-rok-2026","category-tramwaj","tag-2026-01-13","tag-blue-hour","tag-moderus-gamma","tag-mpk-wroclaw","tag-polska","tag-rano","tag-snieg","tag-wroclaw"],"_links":{"self":[{"href":"http:\/\/wgphoto.pl\/t\/index.php?rest_route=\/wp\/v2\/posts\/22832","targetHints":{"allow":["GET"]}}],"collection":[{"href":"http:\/\/wgphoto.pl\/t\/index.php?rest_route=\/wp\/v2\/posts"}],"about":[{"href":"http:\/\/wgphoto.pl\/t\/index.php?rest_route=\/wp\/v2\/types\/post"}],"author":[{"embeddable":true,"href":"http:\/\/wgphoto.pl\/t\/index.php?rest_route=\/wp\/v2\/users\/1"}],"replies":[{"embeddable":true,"href":"http:\/\/wgphoto.pl\/t\/index.php?rest_route=%2Fwp%2Fv2%2Fcomments&post=22832"}],"version-history":[{"count":1,"href":"http:\/\/wgphoto.pl\/t\/index.php?rest_route=\/wp\/v2\/posts\/22832\/revisions"}],"predecessor-version":[{"id":22834,"href":"http:\/\/wgphoto.pl\/t\/index.php?rest_route=\/wp\/v2\/posts\/22832\/revisions\/22834"}],"wp:featuredmedia":[{"embeddable":true,"href":"http:\/\/wgphoto.pl\/t\/index.php?rest_route=\/wp\/v2\/media\/22833"}],"wp:attachment":[{"href":"http:\/\/wgphoto.pl\/t\/index.php?rest_route=%2Fwp%2Fv2%2Fmedia&parent=22832"}],"wp:term":[{"taxonomy":"category","embeddable":true,"href":"http:\/\/wgphoto.pl\/t\/index.php?rest_route=%2Fwp%2Fv2%2Fcategories&post=22832"},{"taxonomy":"post_tag","embeddable":true,"href":"http:\/\/wgphoto.pl\/t\/index.php?rest_route=%2Fwp%2Fv2%2Ftags&post=22832"}],"curies":[{"name":"wp","href":"https:\/\/api.w.org\/{rel}","templated":true}]}}