{"id":22841,"date":"2026-01-30T20:12:24","date_gmt":"2026-01-30T19:12:24","guid":{"rendered":"https:\/\/wgphoto.pl\/t\/?p=22841"},"modified":"2026-01-30T20:33:51","modified_gmt":"2026-01-30T19:33:51","slug":"czerwona-strzala-nad-adriatykiem","status":"publish","type":"post","link":"http:\/\/wgphoto.pl\/t\/?p=22841","title":{"rendered":"Czerwona strza\u0142a nad Adriatykiem"},"content":{"rendered":"\n<figure class=\"wp-block-image aligncenter size-full\"><img loading=\"lazy\" decoding=\"async\" width=\"1400\" height=\"933\" src=\"https:\/\/wgphoto.pl\/t\/wp-content\/uploads\/2026\/01\/DSFN2364.jpg\" alt=\"\" class=\"wp-image-22842\" srcset=\"http:\/\/wgphoto.pl\/t\/wp-content\/uploads\/2026\/01\/DSFN2364.jpg 1400w, http:\/\/wgphoto.pl\/t\/wp-content\/uploads\/2026\/01\/DSFN2364-300x200.jpg 300w, http:\/\/wgphoto.pl\/t\/wp-content\/uploads\/2026\/01\/DSFN2364-768x512.jpg 768w\" sizes=\"auto, (max-width: 1400px) 100vw, 1400px\" \/><\/figure>\n\n\n\n<div class=\"wp-block-group has-global-padding is-layout-constrained wp-block-group-is-layout-constrained\">\n<p>Zestaw ETR500 najprawdopodobniej jako Frecciarossa 8807 z Mediolanu do Lecce mija styczniowym popo\u0142udniem miejscowo\u015b\u0107 Cupra Marittima na adriatyckim wybrze\u017cu. Pojecha\u0142em tam po odrobin\u0119 s\u0142o\u0144ca &#8211; chwilami nawet \u015bwieci\u0142o, podnosz\u0105c temperatur\u0119 do przyjemnych 10-15 stopni. 23.01.2026<\/p>\n<\/div>\n","protected":false},"excerpt":{"rendered":"<p>Zestaw ETR500 najprawdopodobniej jako Frecciarossa 8807 z Mediolanu do Lecce mija styczniowym popo\u0142udniem miejscowo\u015b\u0107 Cupra Marittima na adriatyckim wybrze\u017cu. Pojecha\u0142em tam po odrobin\u0119 s\u0142o\u0144ca &#8211; chwilami nawet \u015bwieci\u0142o, podnosz\u0105c temperatur\u0119 do przyjemnych 10-15 stopni. 23.01.2026<\/p>\n","protected":false},"author":1,"featured_media":22842,"comment_status":"open","ping_status":"","sticky":false,"template":"","format":"standard","meta":{"footnotes":""},"categories":[2,4643],"tags":[4652,4653,4633,4523,112,113,4650,116,110],"class_list":["post-22841","post","type-post","status-publish","format-standard","has-post-thumbnail","hentry","category-kolej","category-rok-2026","tag-2026-01-23","tag-cupra-marittima","tag-etr500","tag-frecciarossa","tag-fs","tag-landszaft","tag-marche-2026","tag-morze","tag-wlochy"],"_links":{"self":[{"href":"http:\/\/wgphoto.pl\/t\/index.php?rest_route=\/wp\/v2\/posts\/22841","targetHints":{"allow":["GET"]}}],"collection":[{"href":"http:\/\/wgphoto.pl\/t\/index.php?rest_route=\/wp\/v2\/posts"}],"about":[{"href":"http:\/\/wgphoto.pl\/t\/index.php?rest_route=\/wp\/v2\/types\/post"}],"author":[{"embeddable":true,"href":"http:\/\/wgphoto.pl\/t\/index.php?rest_route=\/wp\/v2\/users\/1"}],"replies":[{"embeddable":true,"href":"http:\/\/wgphoto.pl\/t\/index.php?rest_route=%2Fwp%2Fv2%2Fcomments&post=22841"}],"version-history":[{"count":3,"href":"http:\/\/wgphoto.pl\/t\/index.php?rest_route=\/wp\/v2\/posts\/22841\/revisions"}],"predecessor-version":[{"id":22850,"href":"http:\/\/wgphoto.pl\/t\/index.php?rest_route=\/wp\/v2\/posts\/22841\/revisions\/22850"}],"wp:featuredmedia":[{"embeddable":true,"href":"http:\/\/wgphoto.pl\/t\/index.php?rest_route=\/wp\/v2\/media\/22842"}],"wp:attachment":[{"href":"http:\/\/wgphoto.pl\/t\/index.php?rest_route=%2Fwp%2Fv2%2Fmedia&parent=22841"}],"wp:term":[{"taxonomy":"category","embeddable":true,"href":"http:\/\/wgphoto.pl\/t\/index.php?rest_route=%2Fwp%2Fv2%2Fcategories&post=22841"},{"taxonomy":"post_tag","embeddable":true,"href":"http:\/\/wgphoto.pl\/t\/index.php?rest_route=%2Fwp%2Fv2%2Ftags&post=22841"}],"curies":[{"name":"wp","href":"https:\/\/api.w.org\/{rel}","templated":true}]}}