{"id":22844,"date":"2026-01-30T20:21:20","date_gmt":"2026-01-30T19:21:20","guid":{"rendered":"https:\/\/wgphoto.pl\/t\/?p=22844"},"modified":"2026-01-30T20:25:09","modified_gmt":"2026-01-30T19:25:09","slug":"pociag-w-barwach-peronu","status":"publish","type":"post","link":"http:\/\/wgphoto.pl\/t\/?p=22844","title":{"rendered":"Poci\u0105g w barwach peronu"},"content":{"rendered":"\n<figure class=\"wp-block-image aligncenter size-full\"><img loading=\"lazy\" decoding=\"async\" width=\"1400\" height=\"933\" src=\"https:\/\/wgphoto.pl\/t\/wp-content\/uploads\/2026\/01\/DSFN2427.jpg\" alt=\"\" class=\"wp-image-22845\" srcset=\"http:\/\/wgphoto.pl\/t\/wp-content\/uploads\/2026\/01\/DSFN2427.jpg 1400w, http:\/\/wgphoto.pl\/t\/wp-content\/uploads\/2026\/01\/DSFN2427-300x200.jpg 300w, http:\/\/wgphoto.pl\/t\/wp-content\/uploads\/2026\/01\/DSFN2427-768x512.jpg 768w\" sizes=\"auto, (max-width: 1400px) 100vw, 1400px\" \/><\/figure>\n\n\n\n<div class=\"wp-block-group has-global-padding is-layout-constrained wp-block-group-is-layout-constrained\">\n<p>Jeszcze jedna poczt\u00f3wka z Cupry Marittimy, tym razem z Hitachi ETR421, kt\u00f3ry w swoich szarych barwach i po zachodzie s\u0142o\u0144ca zbyt mocno si\u0119 zamaskowa\u0142. Adriatycka magistrala na bardzo d\u0142ugim odcinku prowadzi wzd\u0142u\u017c morza, czasem nawet kilka metr\u00f3w od linii brzegowej. Do podobnych uj\u0119\u0107 wystarczy tylko znale\u017a\u0107 jak\u0105\u015b g\u00f3rk\u0119 niedaleko wybrze\u017ca. 23.01.2026<\/p>\n<\/div>\n","protected":false},"excerpt":{"rendered":"<p>Jeszcze jedna poczt\u00f3wka z Cupry Marittimy, tym razem z Hitachi ETR421, kt\u00f3ry w swoich szarych barwach i po zachodzie s\u0142o\u0144ca zbyt mocno si\u0119 zamaskowa\u0142. Adriatycka magistrala na bardzo d\u0142ugim odcinku prowadzi wzd\u0142u\u017c morza, czasem nawet kilka metr\u00f3w od linii brzegowej. Do podobnych uj\u0119\u0107 wystarczy tylko znale\u017a\u0107 jak\u0105\u015b g\u00f3rk\u0119 niedaleko wybrze\u017ca. 23.01.2026<\/p>\n","protected":false},"author":1,"featured_media":22845,"comment_status":"open","ping_status":"","sticky":false,"template":"","format":"standard","meta":{"footnotes":""},"categories":[2,4643],"tags":[4652,4653,112,4475,113,4650,116,110],"class_list":["post-22844","post","type-post","status-publish","format-standard","has-post-thumbnail","hentry","category-kolej","category-rok-2026","tag-2026-01-23","tag-cupra-marittima","tag-fs","tag-hitachi-caravaggio","tag-landszaft","tag-marche-2026","tag-morze","tag-wlochy"],"_links":{"self":[{"href":"http:\/\/wgphoto.pl\/t\/index.php?rest_route=\/wp\/v2\/posts\/22844","targetHints":{"allow":["GET"]}}],"collection":[{"href":"http:\/\/wgphoto.pl\/t\/index.php?rest_route=\/wp\/v2\/posts"}],"about":[{"href":"http:\/\/wgphoto.pl\/t\/index.php?rest_route=\/wp\/v2\/types\/post"}],"author":[{"embeddable":true,"href":"http:\/\/wgphoto.pl\/t\/index.php?rest_route=\/wp\/v2\/users\/1"}],"replies":[{"embeddable":true,"href":"http:\/\/wgphoto.pl\/t\/index.php?rest_route=%2Fwp%2Fv2%2Fcomments&post=22844"}],"version-history":[{"count":3,"href":"http:\/\/wgphoto.pl\/t\/index.php?rest_route=\/wp\/v2\/posts\/22844\/revisions"}],"predecessor-version":[{"id":22848,"href":"http:\/\/wgphoto.pl\/t\/index.php?rest_route=\/wp\/v2\/posts\/22844\/revisions\/22848"}],"wp:featuredmedia":[{"embeddable":true,"href":"http:\/\/wgphoto.pl\/t\/index.php?rest_route=\/wp\/v2\/media\/22845"}],"wp:attachment":[{"href":"http:\/\/wgphoto.pl\/t\/index.php?rest_route=%2Fwp%2Fv2%2Fmedia&parent=22844"}],"wp:term":[{"taxonomy":"category","embeddable":true,"href":"http:\/\/wgphoto.pl\/t\/index.php?rest_route=%2Fwp%2Fv2%2Fcategories&post=22844"},{"taxonomy":"post_tag","embeddable":true,"href":"http:\/\/wgphoto.pl\/t\/index.php?rest_route=%2Fwp%2Fv2%2Ftags&post=22844"}],"curies":[{"name":"wp","href":"https:\/\/api.w.org\/{rel}","templated":true}]}}