{"id":22851,"date":"2026-01-30T21:49:00","date_gmt":"2026-01-30T20:49:00","guid":{"rendered":"https:\/\/wgphoto.pl\/t\/?p=22851"},"modified":"2026-01-31T12:36:03","modified_gmt":"2026-01-31T11:36:03","slug":"etr600-03-imola","status":"publish","type":"post","link":"http:\/\/wgphoto.pl\/t\/?p=22851","title":{"rendered":"ETR600-03, Imola"},"content":{"rendered":"\n<figure class=\"wp-block-image aligncenter size-full\"><img loading=\"lazy\" decoding=\"async\" width=\"1400\" height=\"933\" src=\"https:\/\/wgphoto.pl\/t\/wp-content\/uploads\/2026\/01\/DSFN1781-1.jpg\" alt=\"\" class=\"wp-image-22861\" srcset=\"http:\/\/wgphoto.pl\/t\/wp-content\/uploads\/2026\/01\/DSFN1781-1.jpg 1400w, http:\/\/wgphoto.pl\/t\/wp-content\/uploads\/2026\/01\/DSFN1781-1-300x200.jpg 300w, http:\/\/wgphoto.pl\/t\/wp-content\/uploads\/2026\/01\/DSFN1781-1-768x512.jpg 768w\" sizes=\"auto, (max-width: 1400px) 100vw, 1400px\" \/><\/figure>\n\n\n\n<div class=\"wp-block-group has-global-padding is-layout-constrained wp-block-group-is-layout-constrained\">\n<p>ETR600-03 jako FR8818 z Lecce do Mediolanu za moment minie stacj\u0119 Imola, kilkadziesi\u0105t kilometr\u00f3w na wsch\u00f3d od Bolonii. 04.10.2025<\/p>\n<\/div>\n","protected":false},"excerpt":{"rendered":"<p>ETR600-03 jako FR8818 z Lecce do Mediolanu za moment minie stacj\u0119 Imola, kilkadziesi\u0105t kilometr\u00f3w na wsch\u00f3d od Bolonii. 04.10.2025<\/p>\n","protected":false},"author":1,"featured_media":22861,"comment_status":"open","ping_status":"","sticky":false,"template":"","format":"standard","meta":{"footnotes":""},"categories":[2,3208],"tags":[4553,4655,4523,4656,45,754,4559,110],"class_list":["post-22851","post","type-post","status-publish","format-standard","has-post-thumbnail","hentry","category-kolej","category-rok-2025","tag-2025-10-04","tag-etr600","tag-frecciarossa","tag-imola","tag-most","tag-pendolino","tag-toskania-2025","tag-wlochy"],"_links":{"self":[{"href":"http:\/\/wgphoto.pl\/t\/index.php?rest_route=\/wp\/v2\/posts\/22851","targetHints":{"allow":["GET"]}}],"collection":[{"href":"http:\/\/wgphoto.pl\/t\/index.php?rest_route=\/wp\/v2\/posts"}],"about":[{"href":"http:\/\/wgphoto.pl\/t\/index.php?rest_route=\/wp\/v2\/types\/post"}],"author":[{"embeddable":true,"href":"http:\/\/wgphoto.pl\/t\/index.php?rest_route=\/wp\/v2\/users\/1"}],"replies":[{"embeddable":true,"href":"http:\/\/wgphoto.pl\/t\/index.php?rest_route=%2Fwp%2Fv2%2Fcomments&post=22851"}],"version-history":[{"count":2,"href":"http:\/\/wgphoto.pl\/t\/index.php?rest_route=\/wp\/v2\/posts\/22851\/revisions"}],"predecessor-version":[{"id":22862,"href":"http:\/\/wgphoto.pl\/t\/index.php?rest_route=\/wp\/v2\/posts\/22851\/revisions\/22862"}],"wp:featuredmedia":[{"embeddable":true,"href":"http:\/\/wgphoto.pl\/t\/index.php?rest_route=\/wp\/v2\/media\/22861"}],"wp:attachment":[{"href":"http:\/\/wgphoto.pl\/t\/index.php?rest_route=%2Fwp%2Fv2%2Fmedia&parent=22851"}],"wp:term":[{"taxonomy":"category","embeddable":true,"href":"http:\/\/wgphoto.pl\/t\/index.php?rest_route=%2Fwp%2Fv2%2Fcategories&post=22851"},{"taxonomy":"post_tag","embeddable":true,"href":"http:\/\/wgphoto.pl\/t\/index.php?rest_route=%2Fwp%2Fv2%2Ftags&post=22851"}],"curies":[{"name":"wp","href":"https:\/\/api.w.org\/{rel}","templated":true}]}}