{"id":2294,"date":"2024-10-11T19:50:26","date_gmt":"2024-10-11T17:50:26","guid":{"rendered":"https:\/\/wgphoto.pl\/t\/?p=2294"},"modified":"2024-10-11T19:50:26","modified_gmt":"2024-10-11T17:50:26","slug":"sistema-di-climatizzazione","status":"publish","type":"post","link":"http:\/\/wgphoto.pl\/t\/?p=2294","title":{"rendered":"Sistema di climatizzazione"},"content":{"rendered":"\n<figure class=\"wp-block-image aligncenter size-full\"><img loading=\"lazy\" decoding=\"async\" width=\"700\" height=\"1057\" src=\"https:\/\/wgphoto.pl\/t\/wp-content\/uploads\/2024\/10\/IMGP4773.jpg\" alt=\"\" class=\"wp-image-2295\" srcset=\"http:\/\/wgphoto.pl\/t\/wp-content\/uploads\/2024\/10\/IMGP4773.jpg 700w, http:\/\/wgphoto.pl\/t\/wp-content\/uploads\/2024\/10\/IMGP4773-199x300.jpg 199w\" sizes=\"auto, (max-width: 700px) 100vw, 700px\" \/><\/figure>\n\n\n\n<div class=\"wp-block-group has-global-padding is-layout-constrained wp-block-group-is-layout-constrained\">\n<p>Klimatyzacja z lat 80-tych XX wieku w krzyworyjkowym Fiacie. W tramwaju stoj\u0105 trzy takie szafy, po jednej w ka\u017cdym cz\u0142onie. 23.10.2017<\/p>\n<\/div>\n","protected":false},"excerpt":{"rendered":"<p>Klimatyzacja z lat 80-tych XX wieku w krzyworyjkowym Fiacie. W tramwaju stoj\u0105 trzy takie szafy, po jednej w ka\u017cdym cz\u0142onie. 23.10.2017<\/p>\n","protected":false},"author":1,"featured_media":2295,"comment_status":"open","ping_status":"","sticky":false,"template":"","format":"standard","meta":{"footnotes":""},"categories":[220,128,368,3],"tags":[836,834,833,835,832,110,454],"class_list":["post-2294","post","type-post","status-publish","format-standard","has-post-thumbnail","hentry","category-blo","category-pionowe","category-rok-2017","category-tramwaj","tag-2017-10-23","tag-atm-milano","tag-fiat-m8","tag-mediolan","tag-mediolan-2017","tag-wlochy","tag-wnetrza-pojazdow"],"_links":{"self":[{"href":"http:\/\/wgphoto.pl\/t\/index.php?rest_route=\/wp\/v2\/posts\/2294","targetHints":{"allow":["GET"]}}],"collection":[{"href":"http:\/\/wgphoto.pl\/t\/index.php?rest_route=\/wp\/v2\/posts"}],"about":[{"href":"http:\/\/wgphoto.pl\/t\/index.php?rest_route=\/wp\/v2\/types\/post"}],"author":[{"embeddable":true,"href":"http:\/\/wgphoto.pl\/t\/index.php?rest_route=\/wp\/v2\/users\/1"}],"replies":[{"embeddable":true,"href":"http:\/\/wgphoto.pl\/t\/index.php?rest_route=%2Fwp%2Fv2%2Fcomments&post=2294"}],"version-history":[{"count":1,"href":"http:\/\/wgphoto.pl\/t\/index.php?rest_route=\/wp\/v2\/posts\/2294\/revisions"}],"predecessor-version":[{"id":2296,"href":"http:\/\/wgphoto.pl\/t\/index.php?rest_route=\/wp\/v2\/posts\/2294\/revisions\/2296"}],"wp:featuredmedia":[{"embeddable":true,"href":"http:\/\/wgphoto.pl\/t\/index.php?rest_route=\/wp\/v2\/media\/2295"}],"wp:attachment":[{"href":"http:\/\/wgphoto.pl\/t\/index.php?rest_route=%2Fwp%2Fv2%2Fmedia&parent=2294"}],"wp:term":[{"taxonomy":"category","embeddable":true,"href":"http:\/\/wgphoto.pl\/t\/index.php?rest_route=%2Fwp%2Fv2%2Fcategories&post=2294"},{"taxonomy":"post_tag","embeddable":true,"href":"http:\/\/wgphoto.pl\/t\/index.php?rest_route=%2Fwp%2Fv2%2Ftags&post=2294"}],"curies":[{"name":"wp","href":"https:\/\/api.w.org\/{rel}","templated":true}]}}