{"id":2297,"date":"2024-10-11T19:51:58","date_gmt":"2024-10-11T17:51:58","guid":{"rendered":"https:\/\/wgphoto.pl\/t\/?p=2297"},"modified":"2024-10-11T19:51:58","modified_gmt":"2024-10-11T17:51:58","slug":"pojazd-klimatyzowany","status":"publish","type":"post","link":"http:\/\/wgphoto.pl\/t\/?p=2297","title":{"rendered":"Pojazd klimatyzowany"},"content":{"rendered":"\n<figure class=\"wp-block-image aligncenter size-full\"><img loading=\"lazy\" decoding=\"async\" width=\"1200\" height=\"795\" src=\"https:\/\/wgphoto.pl\/t\/wp-content\/uploads\/2024\/10\/IMGP4775.jpg\" alt=\"\" class=\"wp-image-2298\" srcset=\"http:\/\/wgphoto.pl\/t\/wp-content\/uploads\/2024\/10\/IMGP4775.jpg 1200w, http:\/\/wgphoto.pl\/t\/wp-content\/uploads\/2024\/10\/IMGP4775-300x199.jpg 300w, http:\/\/wgphoto.pl\/t\/wp-content\/uploads\/2024\/10\/IMGP4775-768x509.jpg 768w\" sizes=\"auto, (max-width: 1200px) 100vw, 1200px\" \/><\/figure>\n\n\n\n<div class=\"wp-block-group has-global-padding is-layout-constrained wp-block-group-is-layout-constrained\">\n<p>Szerszy widok na wn\u0119trze z klimatyzatorem. Kana\u0142 ch\u0142odnego powietrza poprowadzony jest wzd\u0142u\u017c lewego boku tramwaju, a nawiewy skierowano na sufit, co z pewno\u015bci\u0105 doceni\u0142by u\u017cytkownik Moderusa Beta, nara\u017cony na zimny &#8222;wiatr&#8221; wiej\u0105cy wprost na g\u0142ow\u0119. 23.10.2017<\/p>\n<\/div>\n","protected":false},"excerpt":{"rendered":"<p>Szerszy widok na wn\u0119trze z klimatyzatorem. Kana\u0142 ch\u0142odnego powietrza poprowadzony jest wzd\u0142u\u017c lewego boku tramwaju, a nawiewy skierowano na sufit, co z pewno\u015bci\u0105 doceni\u0142by u\u017cytkownik Moderusa Beta, nara\u017cony na zimny &#8222;wiatr&#8221; wiej\u0105cy wprost na g\u0142ow\u0119. 23.10.2017<\/p>\n","protected":false},"author":1,"featured_media":2298,"comment_status":"open","ping_status":"","sticky":false,"template":"","format":"standard","meta":{"footnotes":""},"categories":[220,368,3],"tags":[836,834,833,835,832,110,454],"class_list":["post-2297","post","type-post","status-publish","format-standard","has-post-thumbnail","hentry","category-blo","category-rok-2017","category-tramwaj","tag-2017-10-23","tag-atm-milano","tag-fiat-m8","tag-mediolan","tag-mediolan-2017","tag-wlochy","tag-wnetrza-pojazdow"],"_links":{"self":[{"href":"http:\/\/wgphoto.pl\/t\/index.php?rest_route=\/wp\/v2\/posts\/2297","targetHints":{"allow":["GET"]}}],"collection":[{"href":"http:\/\/wgphoto.pl\/t\/index.php?rest_route=\/wp\/v2\/posts"}],"about":[{"href":"http:\/\/wgphoto.pl\/t\/index.php?rest_route=\/wp\/v2\/types\/post"}],"author":[{"embeddable":true,"href":"http:\/\/wgphoto.pl\/t\/index.php?rest_route=\/wp\/v2\/users\/1"}],"replies":[{"embeddable":true,"href":"http:\/\/wgphoto.pl\/t\/index.php?rest_route=%2Fwp%2Fv2%2Fcomments&post=2297"}],"version-history":[{"count":1,"href":"http:\/\/wgphoto.pl\/t\/index.php?rest_route=\/wp\/v2\/posts\/2297\/revisions"}],"predecessor-version":[{"id":2299,"href":"http:\/\/wgphoto.pl\/t\/index.php?rest_route=\/wp\/v2\/posts\/2297\/revisions\/2299"}],"wp:featuredmedia":[{"embeddable":true,"href":"http:\/\/wgphoto.pl\/t\/index.php?rest_route=\/wp\/v2\/media\/2298"}],"wp:attachment":[{"href":"http:\/\/wgphoto.pl\/t\/index.php?rest_route=%2Fwp%2Fv2%2Fmedia&parent=2297"}],"wp:term":[{"taxonomy":"category","embeddable":true,"href":"http:\/\/wgphoto.pl\/t\/index.php?rest_route=%2Fwp%2Fv2%2Fcategories&post=2297"},{"taxonomy":"post_tag","embeddable":true,"href":"http:\/\/wgphoto.pl\/t\/index.php?rest_route=%2Fwp%2Fv2%2Ftags&post=2297"}],"curies":[{"name":"wp","href":"https:\/\/api.w.org\/{rel}","templated":true}]}}