{"id":2303,"date":"2024-10-11T20:08:07","date_gmt":"2024-10-11T18:08:07","guid":{"rendered":"https:\/\/wgphoto.pl\/t\/?p=2303"},"modified":"2024-10-11T20:08:07","modified_gmt":"2024-10-11T18:08:07","slug":"11-wsiadlo","status":"publish","type":"post","link":"http:\/\/wgphoto.pl\/t\/?p=2303","title":{"rendered":"11 wsiad\u0142o"},"content":{"rendered":"\n<figure class=\"wp-block-image aligncenter size-full\"><img loading=\"lazy\" decoding=\"async\" width=\"750\" height=\"1000\" src=\"https:\/\/wgphoto.pl\/t\/wp-content\/uploads\/2024\/10\/0520-07.jpg\" alt=\"\" class=\"wp-image-2304\" srcset=\"http:\/\/wgphoto.pl\/t\/wp-content\/uploads\/2024\/10\/0520-07.jpg 750w, http:\/\/wgphoto.pl\/t\/wp-content\/uploads\/2024\/10\/0520-07-225x300.jpg 225w\" sizes=\"auto, (max-width: 750px) 100vw, 750px\" \/><\/figure>\n\n\n\n<div class=\"wp-block-group has-global-padding is-layout-constrained wp-block-group-is-layout-constrained\">\n<p>SU42-509 zatrzymuje si\u0119 na przystanku Braniewo Brama z popo\u0142udniowym poci\u0105giem osobowym 9132 relacji Braniewo &#8211; Elbl\u0105g. 28.07.2005<\/p>\n<\/div>\n","protected":false},"excerpt":{"rendered":"<p>SU42-509 zatrzymuje si\u0119 na przystanku Braniewo Brama z popo\u0142udniowym poci\u0105giem osobowym 9132 relacji Braniewo &#8211; Elbl\u0105g. 28.07.2005<\/p>\n","protected":false},"author":1,"featured_media":2304,"comment_status":"open","ping_status":"","sticky":false,"template":"","format":"standard","meta":{"footnotes":""},"categories":[62,2,128,311],"tags":[1205,1203,151,32,63,27,250,1204],"class_list":["post-2303","post","type-post","status-publish","format-standard","has-post-thumbnail","hentry","category-analog","category-kolej","category-pionowe","category-rok-2005","tag-2005-07-28","tag-braniewo-brama","tag-ludzie","tag-pionowe","tag-pkp","tag-polska","tag-su42","tag-tab-pl503a"],"_links":{"self":[{"href":"http:\/\/wgphoto.pl\/t\/index.php?rest_route=\/wp\/v2\/posts\/2303","targetHints":{"allow":["GET"]}}],"collection":[{"href":"http:\/\/wgphoto.pl\/t\/index.php?rest_route=\/wp\/v2\/posts"}],"about":[{"href":"http:\/\/wgphoto.pl\/t\/index.php?rest_route=\/wp\/v2\/types\/post"}],"author":[{"embeddable":true,"href":"http:\/\/wgphoto.pl\/t\/index.php?rest_route=\/wp\/v2\/users\/1"}],"replies":[{"embeddable":true,"href":"http:\/\/wgphoto.pl\/t\/index.php?rest_route=%2Fwp%2Fv2%2Fcomments&post=2303"}],"version-history":[{"count":1,"href":"http:\/\/wgphoto.pl\/t\/index.php?rest_route=\/wp\/v2\/posts\/2303\/revisions"}],"predecessor-version":[{"id":2305,"href":"http:\/\/wgphoto.pl\/t\/index.php?rest_route=\/wp\/v2\/posts\/2303\/revisions\/2305"}],"wp:featuredmedia":[{"embeddable":true,"href":"http:\/\/wgphoto.pl\/t\/index.php?rest_route=\/wp\/v2\/media\/2304"}],"wp:attachment":[{"href":"http:\/\/wgphoto.pl\/t\/index.php?rest_route=%2Fwp%2Fv2%2Fmedia&parent=2303"}],"wp:term":[{"taxonomy":"category","embeddable":true,"href":"http:\/\/wgphoto.pl\/t\/index.php?rest_route=%2Fwp%2Fv2%2Fcategories&post=2303"},{"taxonomy":"post_tag","embeddable":true,"href":"http:\/\/wgphoto.pl\/t\/index.php?rest_route=%2Fwp%2Fv2%2Ftags&post=2303"}],"curies":[{"name":"wp","href":"https:\/\/api.w.org\/{rel}","templated":true}]}}