{"id":23109,"date":"2026-03-01T00:53:31","date_gmt":"2026-02-28T23:53:31","guid":{"rendered":"https:\/\/wgphoto.pl\/t\/?p=23109"},"modified":"2026-03-01T00:53:31","modified_gmt":"2026-02-28T23:53:31","slug":"nie-zawsze-jest-pieknie-2","status":"publish","type":"post","link":"http:\/\/wgphoto.pl\/t\/?p=23109","title":{"rendered":"Nie zawsze jest pi\u0119knie"},"content":{"rendered":"\n<figure class=\"wp-block-image aligncenter size-full\"><img loading=\"lazy\" decoding=\"async\" width=\"1500\" height=\"994\" src=\"https:\/\/wgphoto.pl\/t\/wp-content\/uploads\/2026\/03\/IMGP3987.jpg\" alt=\"\" class=\"wp-image-23110\" srcset=\"http:\/\/wgphoto.pl\/t\/wp-content\/uploads\/2026\/03\/IMGP3987.jpg 1500w, http:\/\/wgphoto.pl\/t\/wp-content\/uploads\/2026\/03\/IMGP3987-300x199.jpg 300w, http:\/\/wgphoto.pl\/t\/wp-content\/uploads\/2026\/03\/IMGP3987-768x509.jpg 768w\" sizes=\"auto, (max-width: 1500px) 100vw, 1500px\" \/><\/figure>\n\n\n\n<div class=\"wp-block-group has-global-padding is-layout-constrained wp-block-group-is-layout-constrained\">\n<p>Ostrawa, p\u0119tla Nov\u00e1 Hu\u0165 ji\u017en\u00ed br\u00e1na. Stadler Tango NF2 1701 typowo po czesku czeka na odjazd o d\u0142ugo\u015b\u0107 tramwaju przed przystankiem pocz\u0105tkowym. Nie s\u0105dzi\u0142em, \u017ce b\u0119dzie to pierwsze foto ostrawskiego Stadlera na tej stronie. 22.06.2019<\/p>\n<\/div>\n","protected":false},"excerpt":{"rendered":"<p>Ostrawa, p\u0119tla Nov\u00e1 Hu\u0165 ji\u017en\u00ed br\u00e1na. Stadler Tango NF2 1701 typowo po czesku czeka na odjazd o d\u0142ugo\u015b\u0107 tramwaju przed przystankiem pocz\u0105tkowym. Nie s\u0105dzi\u0142em, \u017ce b\u0119dzie to pierwsze foto ostrawskiego Stadlera na tej stronie. 22.06.2019<\/p>\n","protected":false},"author":1,"featured_media":23110,"comment_status":"open","ping_status":"","sticky":false,"template":"","format":"standard","meta":{"footnotes":""},"categories":[136,3],"tags":[1074,49,899,897,2487],"class_list":["post-23109","post","type-post","status-publish","format-standard","has-post-thumbnail","hentry","category-rok-2019","category-tramwaj","tag-2019-06-22","tag-czechy","tag-dp-ostrava","tag-ostrawa","tag-stadler-tango"],"_links":{"self":[{"href":"http:\/\/wgphoto.pl\/t\/index.php?rest_route=\/wp\/v2\/posts\/23109","targetHints":{"allow":["GET"]}}],"collection":[{"href":"http:\/\/wgphoto.pl\/t\/index.php?rest_route=\/wp\/v2\/posts"}],"about":[{"href":"http:\/\/wgphoto.pl\/t\/index.php?rest_route=\/wp\/v2\/types\/post"}],"author":[{"embeddable":true,"href":"http:\/\/wgphoto.pl\/t\/index.php?rest_route=\/wp\/v2\/users\/1"}],"replies":[{"embeddable":true,"href":"http:\/\/wgphoto.pl\/t\/index.php?rest_route=%2Fwp%2Fv2%2Fcomments&post=23109"}],"version-history":[{"count":1,"href":"http:\/\/wgphoto.pl\/t\/index.php?rest_route=\/wp\/v2\/posts\/23109\/revisions"}],"predecessor-version":[{"id":23111,"href":"http:\/\/wgphoto.pl\/t\/index.php?rest_route=\/wp\/v2\/posts\/23109\/revisions\/23111"}],"wp:featuredmedia":[{"embeddable":true,"href":"http:\/\/wgphoto.pl\/t\/index.php?rest_route=\/wp\/v2\/media\/23110"}],"wp:attachment":[{"href":"http:\/\/wgphoto.pl\/t\/index.php?rest_route=%2Fwp%2Fv2%2Fmedia&parent=23109"}],"wp:term":[{"taxonomy":"category","embeddable":true,"href":"http:\/\/wgphoto.pl\/t\/index.php?rest_route=%2Fwp%2Fv2%2Fcategories&post=23109"},{"taxonomy":"post_tag","embeddable":true,"href":"http:\/\/wgphoto.pl\/t\/index.php?rest_route=%2Fwp%2Fv2%2Ftags&post=23109"}],"curies":[{"name":"wp","href":"https:\/\/api.w.org\/{rel}","templated":true}]}}