{"id":23152,"date":"2026-03-01T21:52:09","date_gmt":"2026-03-01T20:52:09","guid":{"rendered":"https:\/\/wgphoto.pl\/t\/?p=23152"},"modified":"2026-03-01T21:52:09","modified_gmt":"2026-03-01T20:52:09","slug":"regiojet-pod-strekovem","status":"publish","type":"post","link":"http:\/\/wgphoto.pl\/t\/?p=23152","title":{"rendered":"RegioJet pod St\u0159ekovem"},"content":{"rendered":"\n<figure class=\"wp-block-image aligncenter size-full\"><img loading=\"lazy\" decoding=\"async\" width=\"1500\" height=\"994\" src=\"https:\/\/wgphoto.pl\/t\/wp-content\/uploads\/2026\/03\/IMGP0922.jpg\" alt=\"\" class=\"wp-image-23153\" srcset=\"http:\/\/wgphoto.pl\/t\/wp-content\/uploads\/2026\/03\/IMGP0922.jpg 1500w, http:\/\/wgphoto.pl\/t\/wp-content\/uploads\/2026\/03\/IMGP0922-300x199.jpg 300w, http:\/\/wgphoto.pl\/t\/wp-content\/uploads\/2026\/03\/IMGP0922-768x509.jpg 768w\" sizes=\"auto, (max-width: 1500px) 100vw, 1500px\" \/><\/figure>\n\n\n\n<div class=\"wp-block-group has-global-padding is-layout-constrained wp-block-group-is-layout-constrained\">\n<p>162.113 z rychlikiem z \u00dast\u00ed nad Labem do Kol\u00edna z\u0142apany w znanym motywie z zamkiem St\u0159ekov, kt\u00f3remu na zdj\u0119ciach towarzysz\u0105 zazwyczaj lepsze warunki pogodowe. 11.02.2023<\/p>\n<\/div>\n","protected":false},"excerpt":{"rendered":"<p>162.113 z rychlikiem z \u00dast\u00ed nad Labem do Kol\u00edna z\u0142apany w znanym motywie z zamkiem St\u0159ekov, kt\u00f3remu na zdj\u0119ciach towarzysz\u0105 zazwyczaj lepsze warunki pogodowe. 11.02.2023<\/p>\n","protected":false},"author":1,"featured_media":23153,"comment_status":"open","ping_status":"","sticky":false,"template":"","format":"standard","meta":{"footnotes":""},"categories":[2,6],"tags":[1656,3865,49,1268,73,2843,3866,2960],"class_list":["post-23152","post","type-post","status-publish","format-standard","has-post-thumbnail","hentry","category-kolej","category-2023r","tag-1656","tag-2023-02-11","tag-czechy","tag-regiojet","tag-rzeka","tag-tab-cz072","tag-tento-dzentelmen-posiada-jizdenku","tag-usti-nad-labem-strekov"],"_links":{"self":[{"href":"http:\/\/wgphoto.pl\/t\/index.php?rest_route=\/wp\/v2\/posts\/23152","targetHints":{"allow":["GET"]}}],"collection":[{"href":"http:\/\/wgphoto.pl\/t\/index.php?rest_route=\/wp\/v2\/posts"}],"about":[{"href":"http:\/\/wgphoto.pl\/t\/index.php?rest_route=\/wp\/v2\/types\/post"}],"author":[{"embeddable":true,"href":"http:\/\/wgphoto.pl\/t\/index.php?rest_route=\/wp\/v2\/users\/1"}],"replies":[{"embeddable":true,"href":"http:\/\/wgphoto.pl\/t\/index.php?rest_route=%2Fwp%2Fv2%2Fcomments&post=23152"}],"version-history":[{"count":1,"href":"http:\/\/wgphoto.pl\/t\/index.php?rest_route=\/wp\/v2\/posts\/23152\/revisions"}],"predecessor-version":[{"id":23154,"href":"http:\/\/wgphoto.pl\/t\/index.php?rest_route=\/wp\/v2\/posts\/23152\/revisions\/23154"}],"wp:featuredmedia":[{"embeddable":true,"href":"http:\/\/wgphoto.pl\/t\/index.php?rest_route=\/wp\/v2\/media\/23153"}],"wp:attachment":[{"href":"http:\/\/wgphoto.pl\/t\/index.php?rest_route=%2Fwp%2Fv2%2Fmedia&parent=23152"}],"wp:term":[{"taxonomy":"category","embeddable":true,"href":"http:\/\/wgphoto.pl\/t\/index.php?rest_route=%2Fwp%2Fv2%2Fcategories&post=23152"},{"taxonomy":"post_tag","embeddable":true,"href":"http:\/\/wgphoto.pl\/t\/index.php?rest_route=%2Fwp%2Fv2%2Ftags&post=23152"}],"curies":[{"name":"wp","href":"https:\/\/api.w.org\/{rel}","templated":true}]}}