{"id":23155,"date":"2026-03-01T21:53:03","date_gmt":"2026-03-01T20:53:03","guid":{"rendered":"https:\/\/wgphoto.pl\/t\/?p=23155"},"modified":"2026-03-01T21:53:03","modified_gmt":"2026-03-01T20:53:03","slug":"162-039-dzien-wczesniej","status":"publish","type":"post","link":"http:\/\/wgphoto.pl\/t\/?p=23155","title":{"rendered":"162.039 dzie\u0144 wcze\u015bniej"},"content":{"rendered":"\n<figure class=\"wp-block-image aligncenter size-full\"><img loading=\"lazy\" decoding=\"async\" width=\"1500\" height=\"994\" src=\"https:\/\/wgphoto.pl\/t\/wp-content\/uploads\/2026\/03\/IMGP0956.jpg\" alt=\"\" class=\"wp-image-23156\" srcset=\"http:\/\/wgphoto.pl\/t\/wp-content\/uploads\/2026\/03\/IMGP0956.jpg 1500w, http:\/\/wgphoto.pl\/t\/wp-content\/uploads\/2026\/03\/IMGP0956-300x199.jpg 300w, http:\/\/wgphoto.pl\/t\/wp-content\/uploads\/2026\/03\/IMGP0956-768x509.jpg 768w\" sizes=\"auto, (max-width: 1500px) 100vw, 1500px\" \/><\/figure>\n\n\n\n<div class=\"wp-block-group has-global-padding is-layout-constrained wp-block-group-is-layout-constrained\">\n<p>162.039 z rychlikiem z Pragi, zapewne do D\u011b\u010d\u00edna, za par\u0119 minut zatrzyma si\u0119 w \u00dast\u00ed nad Labem hl.n. 11.02.2023<\/p>\n<\/div>\n","protected":false},"excerpt":{"rendered":"<p>162.039 z rychlikiem z Pragi, zapewne do D\u011b\u010d\u00edna, za par\u0119 minut zatrzyma si\u0119 w \u00dast\u00ed nad Labem hl.n. 11.02.2023<\/p>\n","protected":false},"author":1,"featured_media":23156,"comment_status":"open","ping_status":"","sticky":false,"template":"","format":"standard","meta":{"footnotes":""},"categories":[2,6],"tags":[1656,3865,50,49,4069,349,3866,350],"class_list":["post-23155","post","type-post","status-publish","format-standard","has-post-thumbnail","hentry","category-kolej","category-2023r","tag-1656","tag-2023-02-11","tag-cd","tag-czechy","tag-dolni-zalezly","tag-tab-cz090","tag-tento-dzentelmen-posiada-jizdenku","tag-usti-nad-labem-hlavni-nadrazi"],"_links":{"self":[{"href":"http:\/\/wgphoto.pl\/t\/index.php?rest_route=\/wp\/v2\/posts\/23155","targetHints":{"allow":["GET"]}}],"collection":[{"href":"http:\/\/wgphoto.pl\/t\/index.php?rest_route=\/wp\/v2\/posts"}],"about":[{"href":"http:\/\/wgphoto.pl\/t\/index.php?rest_route=\/wp\/v2\/types\/post"}],"author":[{"embeddable":true,"href":"http:\/\/wgphoto.pl\/t\/index.php?rest_route=\/wp\/v2\/users\/1"}],"replies":[{"embeddable":true,"href":"http:\/\/wgphoto.pl\/t\/index.php?rest_route=%2Fwp%2Fv2%2Fcomments&post=23155"}],"version-history":[{"count":1,"href":"http:\/\/wgphoto.pl\/t\/index.php?rest_route=\/wp\/v2\/posts\/23155\/revisions"}],"predecessor-version":[{"id":23157,"href":"http:\/\/wgphoto.pl\/t\/index.php?rest_route=\/wp\/v2\/posts\/23155\/revisions\/23157"}],"wp:featuredmedia":[{"embeddable":true,"href":"http:\/\/wgphoto.pl\/t\/index.php?rest_route=\/wp\/v2\/media\/23156"}],"wp:attachment":[{"href":"http:\/\/wgphoto.pl\/t\/index.php?rest_route=%2Fwp%2Fv2%2Fmedia&parent=23155"}],"wp:term":[{"taxonomy":"category","embeddable":true,"href":"http:\/\/wgphoto.pl\/t\/index.php?rest_route=%2Fwp%2Fv2%2Fcategories&post=23155"},{"taxonomy":"post_tag","embeddable":true,"href":"http:\/\/wgphoto.pl\/t\/index.php?rest_route=%2Fwp%2Fv2%2Ftags&post=23155"}],"curies":[{"name":"wp","href":"https:\/\/api.w.org\/{rel}","templated":true}]}}