{"id":23158,"date":"2026-03-01T21:53:54","date_gmt":"2026-03-01T20:53:54","guid":{"rendered":"https:\/\/wgphoto.pl\/t\/?p=23158"},"modified":"2026-03-01T21:53:54","modified_gmt":"2026-03-01T20:53:54","slug":"162-039-dzien-pozniej","status":"publish","type":"post","link":"http:\/\/wgphoto.pl\/t\/?p=23158","title":{"rendered":"162.039 dzie\u0144 p\u00f3\u017aniej"},"content":{"rendered":"\n<figure class=\"wp-block-image aligncenter size-full\"><img loading=\"lazy\" decoding=\"async\" width=\"1500\" height=\"994\" src=\"https:\/\/wgphoto.pl\/t\/wp-content\/uploads\/2026\/03\/IMGP0990.jpg\" alt=\"\" class=\"wp-image-23159\" srcset=\"http:\/\/wgphoto.pl\/t\/wp-content\/uploads\/2026\/03\/IMGP0990.jpg 1500w, http:\/\/wgphoto.pl\/t\/wp-content\/uploads\/2026\/03\/IMGP0990-300x199.jpg 300w, http:\/\/wgphoto.pl\/t\/wp-content\/uploads\/2026\/03\/IMGP0990-768x509.jpg 768w\" sizes=\"auto, (max-width: 1500px) 100vw, 1500px\" \/><\/figure>\n\n\n\n<div class=\"wp-block-group has-global-padding is-layout-constrained wp-block-group-is-layout-constrained\">\n<p>Maszyna 162.039 dzie\u0144 p\u00f3\u017aniej wzgl\u0119dem poprzedniego zdj\u0119cia prowadzi\u0142a rychlik do Pragi, zapewne z D\u011b\u010d\u00edna. Na zdj\u0119ciu szykuje si\u0119 do odjazdu z Kralup nad Vltavou, gdzie w zakresie infrastruktury kolejowej czas si\u0119 zatrzyma\u0142. 12.02.2023<\/p>\n<\/div>\n","protected":false},"excerpt":{"rendered":"<p>Maszyna 162.039 dzie\u0144 p\u00f3\u017aniej wzgl\u0119dem poprzedniego zdj\u0119cia prowadzi\u0142a rychlik do Pragi, zapewne z D\u011b\u010d\u00edna. Na zdj\u0119ciu szykuje si\u0119 do odjazdu z Kralup nad Vltavou, gdzie w zakresie infrastruktury kolejowej czas si\u0119 zatrzyma\u0142. 12.02.2023<\/p>\n","protected":false},"author":1,"featured_media":23159,"comment_status":"open","ping_status":"","sticky":false,"template":"","format":"standard","meta":{"footnotes":""},"categories":[2,6],"tags":[1656,4078,50,49,2787,349,3866],"class_list":["post-23158","post","type-post","status-publish","format-standard","has-post-thumbnail","hentry","category-kolej","category-2023r","tag-1656","tag-2023-02-12","tag-cd","tag-czechy","tag-kralupy-nad-vltavou","tag-tab-cz090","tag-tento-dzentelmen-posiada-jizdenku"],"_links":{"self":[{"href":"http:\/\/wgphoto.pl\/t\/index.php?rest_route=\/wp\/v2\/posts\/23158","targetHints":{"allow":["GET"]}}],"collection":[{"href":"http:\/\/wgphoto.pl\/t\/index.php?rest_route=\/wp\/v2\/posts"}],"about":[{"href":"http:\/\/wgphoto.pl\/t\/index.php?rest_route=\/wp\/v2\/types\/post"}],"author":[{"embeddable":true,"href":"http:\/\/wgphoto.pl\/t\/index.php?rest_route=\/wp\/v2\/users\/1"}],"replies":[{"embeddable":true,"href":"http:\/\/wgphoto.pl\/t\/index.php?rest_route=%2Fwp%2Fv2%2Fcomments&post=23158"}],"version-history":[{"count":1,"href":"http:\/\/wgphoto.pl\/t\/index.php?rest_route=\/wp\/v2\/posts\/23158\/revisions"}],"predecessor-version":[{"id":23160,"href":"http:\/\/wgphoto.pl\/t\/index.php?rest_route=\/wp\/v2\/posts\/23158\/revisions\/23160"}],"wp:featuredmedia":[{"embeddable":true,"href":"http:\/\/wgphoto.pl\/t\/index.php?rest_route=\/wp\/v2\/media\/23159"}],"wp:attachment":[{"href":"http:\/\/wgphoto.pl\/t\/index.php?rest_route=%2Fwp%2Fv2%2Fmedia&parent=23158"}],"wp:term":[{"taxonomy":"category","embeddable":true,"href":"http:\/\/wgphoto.pl\/t\/index.php?rest_route=%2Fwp%2Fv2%2Fcategories&post=23158"},{"taxonomy":"post_tag","embeddable":true,"href":"http:\/\/wgphoto.pl\/t\/index.php?rest_route=%2Fwp%2Fv2%2Ftags&post=23158"}],"curies":[{"name":"wp","href":"https:\/\/api.w.org\/{rel}","templated":true}]}}