{"id":2316,"date":"2024-10-11T20:13:06","date_gmt":"2024-10-11T18:13:06","guid":{"rendered":"https:\/\/wgphoto.pl\/t\/?p=2316"},"modified":"2024-10-11T20:13:06","modified_gmt":"2024-10-11T18:13:06","slug":"zmierzch-w-ludwikowicach","status":"publish","type":"post","link":"http:\/\/wgphoto.pl\/t\/?p=2316","title":{"rendered":"Zmierzch w Ludwikowicach"},"content":{"rendered":"\n<figure class=\"wp-block-image aligncenter size-full\"><img loading=\"lazy\" decoding=\"async\" width=\"1200\" height=\"675\" src=\"https:\/\/wgphoto.pl\/t\/wp-content\/uploads\/2024\/10\/0602-E.jpg\" alt=\"\" class=\"wp-image-2317\" srcset=\"http:\/\/wgphoto.pl\/t\/wp-content\/uploads\/2024\/10\/0602-E.jpg 1200w, http:\/\/wgphoto.pl\/t\/wp-content\/uploads\/2024\/10\/0602-E-300x169.jpg 300w, http:\/\/wgphoto.pl\/t\/wp-content\/uploads\/2024\/10\/0602-E-768x432.jpg 768w\" sizes=\"auto, (max-width: 1200px) 100vw, 1200px\" \/><\/figure>\n\n\n\n<div class=\"wp-block-group has-global-padding is-layout-constrained wp-block-group-is-layout-constrained\">\n<p>SU45-011 prowadz\u0105c poci\u0105g osobowo-pospieszny 63520 &#8222;\u015anie\u017cka&#8221; z Jeleniej G\u00f3ry do Krakowa G\u0142\u00f3wnego mija semafor wjazdowy do Ludwikowic K\u0142odzkich od strony Nowej Rudy. Zapada ju\u017c zmierzch, st\u0105d niebieskawe \u015bwiat\u0142o. 25.02.2006<\/p>\n<\/div>\n","protected":false},"excerpt":{"rendered":"<p>SU45-011 prowadz\u0105c poci\u0105g osobowo-pospieszny 63520 &#8222;\u015anie\u017cka&#8221; z Jeleniej G\u00f3ry do Krakowa G\u0142\u00f3wnego mija semafor wjazdowy do Ludwikowic K\u0142odzkich od strony Nowej Rudy. Zapada ju\u017c zmierzch, st\u0105d niebieskawe \u015bwiat\u0142o. 25.02.2006<\/p>\n","protected":false},"author":1,"featured_media":2317,"comment_status":"open","ping_status":"","sticky":false,"template":"","format":"standard","meta":{"footnotes":""},"categories":[62,2,130],"tags":[1209,91,390,63,27,290,391],"class_list":["post-2316","post","type-post","status-publish","format-standard","has-post-thumbnail","hentry","category-analog","category-kolej","category-rok-2006","tag-2006-02-25","tag-blue-hour","tag-ludwikowice-klodzkie","tag-pkp","tag-polska","tag-su45","tag-tab-pl245"],"_links":{"self":[{"href":"http:\/\/wgphoto.pl\/t\/index.php?rest_route=\/wp\/v2\/posts\/2316","targetHints":{"allow":["GET"]}}],"collection":[{"href":"http:\/\/wgphoto.pl\/t\/index.php?rest_route=\/wp\/v2\/posts"}],"about":[{"href":"http:\/\/wgphoto.pl\/t\/index.php?rest_route=\/wp\/v2\/types\/post"}],"author":[{"embeddable":true,"href":"http:\/\/wgphoto.pl\/t\/index.php?rest_route=\/wp\/v2\/users\/1"}],"replies":[{"embeddable":true,"href":"http:\/\/wgphoto.pl\/t\/index.php?rest_route=%2Fwp%2Fv2%2Fcomments&post=2316"}],"version-history":[{"count":1,"href":"http:\/\/wgphoto.pl\/t\/index.php?rest_route=\/wp\/v2\/posts\/2316\/revisions"}],"predecessor-version":[{"id":2318,"href":"http:\/\/wgphoto.pl\/t\/index.php?rest_route=\/wp\/v2\/posts\/2316\/revisions\/2318"}],"wp:featuredmedia":[{"embeddable":true,"href":"http:\/\/wgphoto.pl\/t\/index.php?rest_route=\/wp\/v2\/media\/2317"}],"wp:attachment":[{"href":"http:\/\/wgphoto.pl\/t\/index.php?rest_route=%2Fwp%2Fv2%2Fmedia&parent=2316"}],"wp:term":[{"taxonomy":"category","embeddable":true,"href":"http:\/\/wgphoto.pl\/t\/index.php?rest_route=%2Fwp%2Fv2%2Fcategories&post=2316"},{"taxonomy":"post_tag","embeddable":true,"href":"http:\/\/wgphoto.pl\/t\/index.php?rest_route=%2Fwp%2Fv2%2Ftags&post=2316"}],"curies":[{"name":"wp","href":"https:\/\/api.w.org\/{rel}","templated":true}]}}