{"id":23161,"date":"2026-03-01T21:54:43","date_gmt":"2026-03-01T20:54:43","guid":{"rendered":"https:\/\/wgphoto.pl\/t\/?p=23161"},"modified":"2026-03-01T21:54:43","modified_gmt":"2026-03-01T20:54:43","slug":"louny-godz-1027","status":"publish","type":"post","link":"http:\/\/wgphoto.pl\/t\/?p=23161","title":{"rendered":"Louny, godz. 10:27"},"content":{"rendered":"\n<figure class=\"wp-block-image aligncenter size-full\"><img loading=\"lazy\" decoding=\"async\" width=\"1500\" height=\"994\" src=\"https:\/\/wgphoto.pl\/t\/wp-content\/uploads\/2026\/03\/IMGP1018.jpg\" alt=\"\" class=\"wp-image-23162\" srcset=\"http:\/\/wgphoto.pl\/t\/wp-content\/uploads\/2026\/03\/IMGP1018.jpg 1500w, http:\/\/wgphoto.pl\/t\/wp-content\/uploads\/2026\/03\/IMGP1018-300x199.jpg 300w, http:\/\/wgphoto.pl\/t\/wp-content\/uploads\/2026\/03\/IMGP1018-768x509.jpg 768w\" sizes=\"auto, (max-width: 1500px) 100vw, 1500px\" \/><\/figure>\n\n\n\n<div class=\"wp-block-group has-global-padding is-layout-constrained wp-block-group-is-layout-constrained\">\n<p>809.502 odpoczywa w Lounach pomi\u0119dzy kursami. Niedawno przyjecha\u0142 z Kralup nad Vltavou. Zale\u017ca\u0142o mi na zaliczeniu tej trasy, gdy\u017c Kraj \u015arodkowoczeski w ramach optymalizacji wydatk\u00f3w mocno przygl\u0105da\u0142 si\u0119 (i w sumie wci\u0105\u017c to robi) niekt\u00f3rym lokalkom, m.in. odcinkowi od Slanego (na trasie z Kralup) do Loun. Jak na razie poci\u0105gi wci\u0105\u017c tu je\u017cd\u017c\u0105. 12.02.2023<\/p>\n<\/div>\n","protected":false},"excerpt":{"rendered":"<p>809.502 odpoczywa w Lounach pomi\u0119dzy kursami. Niedawno przyjecha\u0142 z Kralup nad Vltavou. Zale\u017ca\u0142o mi na zaliczeniu tej trasy, gdy\u017c Kraj \u015arodkowoczeski w ramach optymalizacji wydatk\u00f3w mocno przygl\u0105da\u0142 si\u0119 (i w sumie wci\u0105\u017c to robi) niekt\u00f3rym lokalkom, m.in. odcinkowi od Slanego (na trasie z Kralup) do Loun. Jak na razie poci\u0105gi wci\u0105\u017c tu je\u017cd\u017c\u0105. 12.02.2023<\/p>\n","protected":false},"author":1,"featured_media":23162,"comment_status":"open","ping_status":"","sticky":false,"template":"","format":"standard","meta":{"footnotes":""},"categories":[2,6],"tags":[4078,1229,50,49,4701,1775,24,905,4702,3866],"class_list":["post-23161","post","type-post","status-publish","format-standard","has-post-thumbnail","hentry","category-kolej","category-2023r","tag-2023-02-12","tag-1229","tag-cd","tag-czechy","tag-louny","tag-na-wysiadanego","tag-perony","tag-przez","tag-tab-cz110","tag-tento-dzentelmen-posiada-jizdenku"],"_links":{"self":[{"href":"http:\/\/wgphoto.pl\/t\/index.php?rest_route=\/wp\/v2\/posts\/23161","targetHints":{"allow":["GET"]}}],"collection":[{"href":"http:\/\/wgphoto.pl\/t\/index.php?rest_route=\/wp\/v2\/posts"}],"about":[{"href":"http:\/\/wgphoto.pl\/t\/index.php?rest_route=\/wp\/v2\/types\/post"}],"author":[{"embeddable":true,"href":"http:\/\/wgphoto.pl\/t\/index.php?rest_route=\/wp\/v2\/users\/1"}],"replies":[{"embeddable":true,"href":"http:\/\/wgphoto.pl\/t\/index.php?rest_route=%2Fwp%2Fv2%2Fcomments&post=23161"}],"version-history":[{"count":1,"href":"http:\/\/wgphoto.pl\/t\/index.php?rest_route=\/wp\/v2\/posts\/23161\/revisions"}],"predecessor-version":[{"id":23163,"href":"http:\/\/wgphoto.pl\/t\/index.php?rest_route=\/wp\/v2\/posts\/23161\/revisions\/23163"}],"wp:featuredmedia":[{"embeddable":true,"href":"http:\/\/wgphoto.pl\/t\/index.php?rest_route=\/wp\/v2\/media\/23162"}],"wp:attachment":[{"href":"http:\/\/wgphoto.pl\/t\/index.php?rest_route=%2Fwp%2Fv2%2Fmedia&parent=23161"}],"wp:term":[{"taxonomy":"category","embeddable":true,"href":"http:\/\/wgphoto.pl\/t\/index.php?rest_route=%2Fwp%2Fv2%2Fcategories&post=23161"},{"taxonomy":"post_tag","embeddable":true,"href":"http:\/\/wgphoto.pl\/t\/index.php?rest_route=%2Fwp%2Fv2%2Ftags&post=23161"}],"curies":[{"name":"wp","href":"https:\/\/api.w.org\/{rel}","templated":true}]}}