{"id":23189,"date":"2026-03-08T22:18:52","date_gmt":"2026-03-08T21:18:52","guid":{"rendered":"https:\/\/wgphoto.pl\/t\/?p=23189"},"modified":"2026-03-08T22:20:19","modified_gmt":"2026-03-08T21:20:19","slug":"czyzby-odstawka","status":"publish","type":"post","link":"http:\/\/wgphoto.pl\/t\/?p=23189","title":{"rendered":"Czy\u017cby odstawka?"},"content":{"rendered":"\n<figure class=\"wp-block-image aligncenter size-full\"><img loading=\"lazy\" decoding=\"async\" width=\"1500\" height=\"994\" src=\"https:\/\/wgphoto.pl\/t\/wp-content\/uploads\/2026\/03\/IMGP1159.jpg\" alt=\"\" class=\"wp-image-23190\" srcset=\"http:\/\/wgphoto.pl\/t\/wp-content\/uploads\/2026\/03\/IMGP1159.jpg 1500w, http:\/\/wgphoto.pl\/t\/wp-content\/uploads\/2026\/03\/IMGP1159-300x199.jpg 300w, http:\/\/wgphoto.pl\/t\/wp-content\/uploads\/2026\/03\/IMGP1159-768x509.jpg 768w\" sizes=\"auto, (max-width: 1500px) 100vw, 1500px\" \/><\/figure>\n\n\n\n<div class=\"wp-block-group has-global-padding is-layout-constrained wp-block-group-is-layout-constrained\">\n<p>W\u015br\u00f3d d\u0142ugich, elektrycznych i raczej szybkich poci\u0105g\u00f3w ten sk\u0142ad zdecydowanie si\u0119 wyr\u00f3\u017cni\u0142. 714.023(?) prowadzi dwa bezprzedzia\u0142owe wagony, zapewne na odstawk\u0119 (co sugeruje brak jednych drzwi) z O\u0142omu\u0144ca lub P\u0159erova do Bogumina, by\u0142 to bowiem okres masowego wprowadzania RegioPanter do ruchu w kraju o\u0142omunieckim. Lipn\u00edk nad Be\u010dvou \u2013 Drahotu\u0161e, 23.03.2023<\/p>\n<\/div>\n","protected":false},"excerpt":{"rendered":"<p>W\u015br\u00f3d d\u0142ugich, elektrycznych i raczej szybkich poci\u0105g\u00f3w ten sk\u0142ad zdecydowanie si\u0119 wyr\u00f3\u017cni\u0142. 714.023(?) prowadzi dwa bezprzedzia\u0142owe wagony, zapewne na odstawk\u0119 (co sugeruje brak jednych drzwi) z O\u0142omu\u0144ca lub P\u0159erova do Bogumina, by\u0142 to bowiem okres masowego wprowadzania RegioPanter do ruchu w kraju o\u0142omunieckim. Lipn\u00edk nad Be\u010dvou \u2013 Drahotu\u0161e, 23.03.2023<\/p>\n","protected":false},"author":1,"featured_media":23190,"comment_status":"open","ping_status":"","sticky":false,"template":"","format":"standard","meta":{"footnotes":""},"categories":[2,6],"tags":[4092,326,50,49,4095,4096,45,4094,981],"class_list":["post-23189","post","type-post","status-publish","format-standard","has-post-thumbnail","hentry","category-kolej","category-2023r","tag-2023-03-23","tag-326","tag-cd","tag-czechy","tag-drahotuse","tag-lipnik-nad-becvou","tag-most","tag-powitanie-wiosny-2023","tag-tab-cz270"],"_links":{"self":[{"href":"http:\/\/wgphoto.pl\/t\/index.php?rest_route=\/wp\/v2\/posts\/23189","targetHints":{"allow":["GET"]}}],"collection":[{"href":"http:\/\/wgphoto.pl\/t\/index.php?rest_route=\/wp\/v2\/posts"}],"about":[{"href":"http:\/\/wgphoto.pl\/t\/index.php?rest_route=\/wp\/v2\/types\/post"}],"author":[{"embeddable":true,"href":"http:\/\/wgphoto.pl\/t\/index.php?rest_route=\/wp\/v2\/users\/1"}],"replies":[{"embeddable":true,"href":"http:\/\/wgphoto.pl\/t\/index.php?rest_route=%2Fwp%2Fv2%2Fcomments&post=23189"}],"version-history":[{"count":2,"href":"http:\/\/wgphoto.pl\/t\/index.php?rest_route=\/wp\/v2\/posts\/23189\/revisions"}],"predecessor-version":[{"id":23192,"href":"http:\/\/wgphoto.pl\/t\/index.php?rest_route=\/wp\/v2\/posts\/23189\/revisions\/23192"}],"wp:featuredmedia":[{"embeddable":true,"href":"http:\/\/wgphoto.pl\/t\/index.php?rest_route=\/wp\/v2\/media\/23190"}],"wp:attachment":[{"href":"http:\/\/wgphoto.pl\/t\/index.php?rest_route=%2Fwp%2Fv2%2Fmedia&parent=23189"}],"wp:term":[{"taxonomy":"category","embeddable":true,"href":"http:\/\/wgphoto.pl\/t\/index.php?rest_route=%2Fwp%2Fv2%2Fcategories&post=23189"},{"taxonomy":"post_tag","embeddable":true,"href":"http:\/\/wgphoto.pl\/t\/index.php?rest_route=%2Fwp%2Fv2%2Ftags&post=23189"}],"curies":[{"name":"wp","href":"https:\/\/api.w.org\/{rel}","templated":true}]}}