{"id":2319,"date":"2024-10-11T21:41:20","date_gmt":"2024-10-11T19:41:20","guid":{"rendered":"https:\/\/wgphoto.pl\/t\/?p=2319"},"modified":"2024-10-11T21:43:24","modified_gmt":"2024-10-11T19:43:24","slug":"ponad-znojmem-tylko-cityjet","status":"publish","type":"post","link":"http:\/\/wgphoto.pl\/t\/?p=2319","title":{"rendered":"Ponad Znojmem tylko Cityjet"},"content":{"rendered":"\n<figure class=\"wp-block-image aligncenter size-full\"><img loading=\"lazy\" decoding=\"async\" width=\"1400\" height=\"927\" src=\"https:\/\/wgphoto.pl\/t\/wp-content\/uploads\/2024\/10\/IMGP8757.jpg\" alt=\"\" class=\"wp-image-2320\" srcset=\"http:\/\/wgphoto.pl\/t\/wp-content\/uploads\/2024\/10\/IMGP8757.jpg 1400w, http:\/\/wgphoto.pl\/t\/wp-content\/uploads\/2024\/10\/IMGP8757-300x199.jpg 300w, http:\/\/wgphoto.pl\/t\/wp-content\/uploads\/2024\/10\/IMGP8757-768x509.jpg 768w\" sizes=\"auto, (max-width: 1400px) 100vw, 1400px\" \/><\/figure>\n\n\n\n<div class=\"wp-block-group has-global-padding is-layout-constrained wp-block-group-is-layout-constrained\">\n<p>Poci\u0105g nr 2233 (po stronie czeskiej Os, po austriackiej REX) relacji Znojmo &#8211; Wien Meidling przed chwil\u0105 odjecha\u0142 ze stacji pocz\u0105tkowej i przeje\u017cd\u017ca okaza\u0142ym mostem nad dolin\u0105 Dyji. Konstrukcja ma 220 metr\u00f3w d\u0142ugo\u015bci i 48,9 wysoko\u015bci. W latach 2008-2009 na oryginalnych podporach posadowiono nowe stalowe prz\u0119s\u0142a. W tym te\u017c czasie zelektryfikowano odcinek Retz &#8211; Znojmo austriackim napi\u0119ciem. Od strony czeskiej nie ma po\u0142\u0105czenia z sieci\u0105 trakcyjn\u0105, obie linie (do Ok\u0159\u00ed\u0161ek i B\u0159eclavi) nie s\u0105 zelektryfikowane. [17.08.2024]<\/p>\n<\/div>\n","protected":false},"excerpt":{"rendered":"<p>Poci\u0105g nr 2233 (po stronie czeskiej Os, po austriackiej REX) relacji Znojmo &#8211; Wien Meidling przed chwil\u0105 odjecha\u0142 ze stacji pocz\u0105tkowej i przeje\u017cd\u017ca okaza\u0142ym mostem nad dolin\u0105 Dyji. Konstrukcja ma 220 metr\u00f3w d\u0142ugo\u015bci i 48,9 wysoko\u015bci. W latach 2008-2009 na oryginalnych podporach posadowiono nowe stalowe prz\u0119s\u0142a. W tym te\u017c czasie zelektryfikowano odcinek Retz &#8211; Znojmo [&hellip;]<\/p>\n","protected":false},"author":1,"featured_media":2320,"comment_status":"open","ping_status":"","sticky":false,"template":"","format":"standard","meta":{"footnotes":""},"categories":[2,5],"tags":[8,556,49,113,553,45,11,119,1211,1210],"class_list":["post-2319","post","type-post","status-publish","format-standard","has-post-thumbnail","hentry","category-kolej","category-2024r","tag-8","tag-2024-08-17","tag-czechy","tag-landszaft","tag-morawy-2024","tag-most","tag-obb","tag-siemens-taurus","tag-tab-cz248","tag-znojmo"],"_links":{"self":[{"href":"http:\/\/wgphoto.pl\/t\/index.php?rest_route=\/wp\/v2\/posts\/2319","targetHints":{"allow":["GET"]}}],"collection":[{"href":"http:\/\/wgphoto.pl\/t\/index.php?rest_route=\/wp\/v2\/posts"}],"about":[{"href":"http:\/\/wgphoto.pl\/t\/index.php?rest_route=\/wp\/v2\/types\/post"}],"author":[{"embeddable":true,"href":"http:\/\/wgphoto.pl\/t\/index.php?rest_route=\/wp\/v2\/users\/1"}],"replies":[{"embeddable":true,"href":"http:\/\/wgphoto.pl\/t\/index.php?rest_route=%2Fwp%2Fv2%2Fcomments&post=2319"}],"version-history":[{"count":1,"href":"http:\/\/wgphoto.pl\/t\/index.php?rest_route=\/wp\/v2\/posts\/2319\/revisions"}],"predecessor-version":[{"id":2321,"href":"http:\/\/wgphoto.pl\/t\/index.php?rest_route=\/wp\/v2\/posts\/2319\/revisions\/2321"}],"wp:featuredmedia":[{"embeddable":true,"href":"http:\/\/wgphoto.pl\/t\/index.php?rest_route=\/wp\/v2\/media\/2320"}],"wp:attachment":[{"href":"http:\/\/wgphoto.pl\/t\/index.php?rest_route=%2Fwp%2Fv2%2Fmedia&parent=2319"}],"wp:term":[{"taxonomy":"category","embeddable":true,"href":"http:\/\/wgphoto.pl\/t\/index.php?rest_route=%2Fwp%2Fv2%2Fcategories&post=2319"},{"taxonomy":"post_tag","embeddable":true,"href":"http:\/\/wgphoto.pl\/t\/index.php?rest_route=%2Fwp%2Fv2%2Ftags&post=2319"}],"curies":[{"name":"wp","href":"https:\/\/api.w.org\/{rel}","templated":true}]}}