{"id":23193,"date":"2026-03-08T23:48:30","date_gmt":"2026-03-08T22:48:30","guid":{"rendered":"https:\/\/wgphoto.pl\/t\/?p=23193"},"modified":"2026-03-08T23:48:30","modified_gmt":"2026-03-08T22:48:30","slug":"wiosenny-railjet","status":"publish","type":"post","link":"http:\/\/wgphoto.pl\/t\/?p=23193","title":{"rendered":"Wiosenny Railjet"},"content":{"rendered":"\n<figure class=\"wp-block-image aligncenter size-full\"><img loading=\"lazy\" decoding=\"async\" width=\"1500\" height=\"994\" src=\"https:\/\/wgphoto.pl\/t\/wp-content\/uploads\/2026\/03\/IMGP6885.jpg\" alt=\"\" class=\"wp-image-23194\" srcset=\"http:\/\/wgphoto.pl\/t\/wp-content\/uploads\/2026\/03\/IMGP6885.jpg 1500w, http:\/\/wgphoto.pl\/t\/wp-content\/uploads\/2026\/03\/IMGP6885-300x199.jpg 300w, http:\/\/wgphoto.pl\/t\/wp-content\/uploads\/2026\/03\/IMGP6885-768x509.jpg 768w\" sizes=\"auto, (max-width: 1500px) 100vw, 1500px\" \/><\/figure>\n\n\n\n<div class=\"wp-block-group has-global-padding is-layout-constrained wp-block-group-is-layout-constrained\">\n<p>1216.230 z Railjetem z Grazu do Pragi zbli\u017ca si\u0119 do przystanku T\u0159ebe\u0161ice na objazdowej, aczkolwiek planowej, trasie przez Vyso\u010din\u0119. 27.03.2022<\/p>\n<\/div>\n","protected":false},"excerpt":{"rendered":"<p>1216.230 z Railjetem z Grazu do Pragi zbli\u017ca si\u0119 do przystanku T\u0159ebe\u0161ice na objazdowej, aczkolwiek planowej, trasie przez Vyso\u010din\u0119. 27.03.2022<\/p>\n","protected":false},"author":1,"featured_media":23194,"comment_status":"open","ping_status":"","sticky":false,"template":"","format":"standard","meta":{"footnotes":""},"categories":[2,669],"tags":[3462,2780,49,249,11,119,2451,4002],"class_list":["post-23193","post","type-post","status-publish","format-standard","has-post-thumbnail","hentry","category-kolej","category-rok-2022","tag-3462","tag-2022-03-27","tag-czechy","tag-goscinne-wystepy","tag-obb","tag-siemens-taurus","tag-tab-cz230","tag-trebesice"],"_links":{"self":[{"href":"http:\/\/wgphoto.pl\/t\/index.php?rest_route=\/wp\/v2\/posts\/23193","targetHints":{"allow":["GET"]}}],"collection":[{"href":"http:\/\/wgphoto.pl\/t\/index.php?rest_route=\/wp\/v2\/posts"}],"about":[{"href":"http:\/\/wgphoto.pl\/t\/index.php?rest_route=\/wp\/v2\/types\/post"}],"author":[{"embeddable":true,"href":"http:\/\/wgphoto.pl\/t\/index.php?rest_route=\/wp\/v2\/users\/1"}],"replies":[{"embeddable":true,"href":"http:\/\/wgphoto.pl\/t\/index.php?rest_route=%2Fwp%2Fv2%2Fcomments&post=23193"}],"version-history":[{"count":1,"href":"http:\/\/wgphoto.pl\/t\/index.php?rest_route=\/wp\/v2\/posts\/23193\/revisions"}],"predecessor-version":[{"id":23195,"href":"http:\/\/wgphoto.pl\/t\/index.php?rest_route=\/wp\/v2\/posts\/23193\/revisions\/23195"}],"wp:featuredmedia":[{"embeddable":true,"href":"http:\/\/wgphoto.pl\/t\/index.php?rest_route=\/wp\/v2\/media\/23194"}],"wp:attachment":[{"href":"http:\/\/wgphoto.pl\/t\/index.php?rest_route=%2Fwp%2Fv2%2Fmedia&parent=23193"}],"wp:term":[{"taxonomy":"category","embeddable":true,"href":"http:\/\/wgphoto.pl\/t\/index.php?rest_route=%2Fwp%2Fv2%2Fcategories&post=23193"},{"taxonomy":"post_tag","embeddable":true,"href":"http:\/\/wgphoto.pl\/t\/index.php?rest_route=%2Fwp%2Fv2%2Ftags&post=23193"}],"curies":[{"name":"wp","href":"https:\/\/api.w.org\/{rel}","templated":true}]}}