{"id":2370,"date":"2024-10-12T11:28:22","date_gmt":"2024-10-12T09:28:22","guid":{"rendered":"https:\/\/wgphoto.pl\/t\/?p=2370"},"modified":"2024-10-12T11:28:22","modified_gmt":"2024-10-12T09:28:22","slug":"czerwona-strzala","status":"publish","type":"post","link":"http:\/\/wgphoto.pl\/t\/?p=2370","title":{"rendered":"Czerwona strza\u0142a"},"content":{"rendered":"\n<figure class=\"wp-block-image aligncenter size-full\"><img loading=\"lazy\" decoding=\"async\" width=\"1200\" height=\"800\" src=\"https:\/\/wgphoto.pl\/t\/wp-content\/uploads\/2024\/10\/0620-06.jpg\" alt=\"\" class=\"wp-image-2371\" srcset=\"http:\/\/wgphoto.pl\/t\/wp-content\/uploads\/2024\/10\/0620-06.jpg 1200w, http:\/\/wgphoto.pl\/t\/wp-content\/uploads\/2024\/10\/0620-06-300x200.jpg 300w, http:\/\/wgphoto.pl\/t\/wp-content\/uploads\/2024\/10\/0620-06-768x512.jpg 768w\" sizes=\"auto, (max-width: 1200px) 100vw, 1200px\" \/><\/figure>\n\n\n\n<div class=\"wp-block-group has-global-padding is-layout-constrained wp-block-group-is-layout-constrained\">\n<p>EN57-1166+1164 jako poci\u0105g osobowy 314 z Mi\u0119dzylesia do Wroc\u0142awia jedzie wzd\u0142u\u017c schowanej za krzakami Nysy mi\u0119dzy Bardem i Przy\u0142\u0119kiem. Pami\u0119tam \u017ce tego dnia, po powrocie z Podkarpacia, zaspa\u0142em by pojecha\u0107 gdzie\u015b dalej (cho\u0107 nie pami\u0119tam dok\u0105d), wi\u0119c wybra\u0142em si\u0119 w dolno\u015bl\u0105skie rewiry.  15.08.2006<\/p>\n<\/div>\n","protected":false},"excerpt":{"rendered":"<p>EN57-1166+1164 jako poci\u0105g osobowy 314 z Mi\u0119dzylesia do Wroc\u0142awia jedzie wzd\u0142u\u017c schowanej za krzakami Nysy mi\u0119dzy Bardem i Przy\u0142\u0119kiem. Pami\u0119tam \u017ce tego dnia, po powrocie z Podkarpacia, zaspa\u0142em by pojecha\u0107 gdzie\u015b dalej (cho\u0107 nie pami\u0119tam dok\u0105d), wi\u0119c wybra\u0142em si\u0119 w dolno\u015bl\u0105skie rewiry. 15.08.2006<\/p>\n","protected":false},"author":1,"featured_media":2371,"comment_status":"open","ping_status":"","sticky":false,"template":"","format":"standard","meta":{"footnotes":""},"categories":[62,2,130],"tags":[1187,1226,1227,132,114,63,27,383],"class_list":["post-2370","post","type-post","status-publish","format-standard","has-post-thumbnail","hentry","category-analog","category-kolej","category-rok-2006","tag-2006-08-15","tag-bardo-przylek","tag-bardo-slaskie","tag-en57","tag-gory","tag-pkp","tag-polska","tag-tab-pl230"],"_links":{"self":[{"href":"http:\/\/wgphoto.pl\/t\/index.php?rest_route=\/wp\/v2\/posts\/2370","targetHints":{"allow":["GET"]}}],"collection":[{"href":"http:\/\/wgphoto.pl\/t\/index.php?rest_route=\/wp\/v2\/posts"}],"about":[{"href":"http:\/\/wgphoto.pl\/t\/index.php?rest_route=\/wp\/v2\/types\/post"}],"author":[{"embeddable":true,"href":"http:\/\/wgphoto.pl\/t\/index.php?rest_route=\/wp\/v2\/users\/1"}],"replies":[{"embeddable":true,"href":"http:\/\/wgphoto.pl\/t\/index.php?rest_route=%2Fwp%2Fv2%2Fcomments&post=2370"}],"version-history":[{"count":1,"href":"http:\/\/wgphoto.pl\/t\/index.php?rest_route=\/wp\/v2\/posts\/2370\/revisions"}],"predecessor-version":[{"id":2372,"href":"http:\/\/wgphoto.pl\/t\/index.php?rest_route=\/wp\/v2\/posts\/2370\/revisions\/2372"}],"wp:featuredmedia":[{"embeddable":true,"href":"http:\/\/wgphoto.pl\/t\/index.php?rest_route=\/wp\/v2\/media\/2371"}],"wp:attachment":[{"href":"http:\/\/wgphoto.pl\/t\/index.php?rest_route=%2Fwp%2Fv2%2Fmedia&parent=2370"}],"wp:term":[{"taxonomy":"category","embeddable":true,"href":"http:\/\/wgphoto.pl\/t\/index.php?rest_route=%2Fwp%2Fv2%2Fcategories&post=2370"},{"taxonomy":"post_tag","embeddable":true,"href":"http:\/\/wgphoto.pl\/t\/index.php?rest_route=%2Fwp%2Fv2%2Ftags&post=2370"}],"curies":[{"name":"wp","href":"https:\/\/api.w.org\/{rel}","templated":true}]}}