{"id":2373,"date":"2024-10-12T11:29:32","date_gmt":"2024-10-12T09:29:32","guid":{"rendered":"https:\/\/wgphoto.pl\/t\/?p=2373"},"modified":"2024-10-12T11:29:51","modified_gmt":"2024-10-12T09:29:51","slug":"809-345-2-velvary","status":"publish","type":"post","link":"http:\/\/wgphoto.pl\/t\/?p=2373","title":{"rendered":"809 345-2, Velvary"},"content":{"rendered":"\n<figure class=\"wp-block-image aligncenter size-full\"><img loading=\"lazy\" decoding=\"async\" width=\"1200\" height=\"803\" src=\"https:\/\/wgphoto.pl\/t\/wp-content\/uploads\/2024\/10\/IMGP4250.jpg\" alt=\"\" class=\"wp-image-2374\" srcset=\"http:\/\/wgphoto.pl\/t\/wp-content\/uploads\/2024\/10\/IMGP4250.jpg 1200w, http:\/\/wgphoto.pl\/t\/wp-content\/uploads\/2024\/10\/IMGP4250-300x201.jpg 300w, http:\/\/wgphoto.pl\/t\/wp-content\/uploads\/2024\/10\/IMGP4250-768x514.jpg 768w\" sizes=\"auto, (max-width: 1200px) 100vw, 1200px\" \/><\/figure>\n\n\n\n<div class=\"wp-block-group has-global-padding is-layout-constrained wp-block-group-is-layout-constrained\">\n<p>Poci\u0105g osobowy 20325 do Kralup nad Vltavou oczekuje pory odjazdu. Te p\u00f3\u0142 godziny na pograniczu dnia i nocy to moja ulubiona pora do odwiedzania takich &#8222;ko\u0144c\u00f3w \u015bwiata&#8221;. Je\u015bli tylko jest tam jaki\u015b budynek stacyjny, \u015bwiat\u0142o z\u0142otej lub niebieskiej godziny zadba o wydobycie pi\u0119kna z nawet najbardziej odrapanej rudery. 27.09.2011<\/p>\n<\/div>\n","protected":false},"excerpt":{"rendered":"<p>Poci\u0105g osobowy 20325 do Kralup nad Vltavou oczekuje pory odjazdu. Te p\u00f3\u0142 godziny na pograniczu dnia i nocy to moja ulubiona pora do odwiedzania takich &#8222;ko\u0144c\u00f3w \u015bwiata&#8221;. Je\u015bli tylko jest tam jaki\u015b budynek stacyjny, \u015bwiat\u0142o z\u0142otej lub niebieskiej godziny zadba o wydobycie pi\u0119kna z nawet najbardziej odrapanej rudery. 27.09.2011<\/p>\n","protected":false},"author":1,"featured_media":2374,"comment_status":"open","ping_status":"","sticky":false,"template":"","format":"standard","meta":{"footnotes":""},"categories":[2,77],"tags":[1230,1229,34,91,50,49,94,1228,1231,90],"class_list":["post-2373","post","type-post","status-publish","format-standard","has-post-thumbnail","hentry","category-kolej","category-rok-2011","tag-2011-09-27","tag-1229","tag-architektura","tag-blue-hour","tag-cd","tag-czechy","tag-na-kolejowym-koncu-swiata","tag-tab-cz111","tag-velvary","tag-wieczorem"],"_links":{"self":[{"href":"http:\/\/wgphoto.pl\/t\/index.php?rest_route=\/wp\/v2\/posts\/2373","targetHints":{"allow":["GET"]}}],"collection":[{"href":"http:\/\/wgphoto.pl\/t\/index.php?rest_route=\/wp\/v2\/posts"}],"about":[{"href":"http:\/\/wgphoto.pl\/t\/index.php?rest_route=\/wp\/v2\/types\/post"}],"author":[{"embeddable":true,"href":"http:\/\/wgphoto.pl\/t\/index.php?rest_route=\/wp\/v2\/users\/1"}],"replies":[{"embeddable":true,"href":"http:\/\/wgphoto.pl\/t\/index.php?rest_route=%2Fwp%2Fv2%2Fcomments&post=2373"}],"version-history":[{"count":1,"href":"http:\/\/wgphoto.pl\/t\/index.php?rest_route=\/wp\/v2\/posts\/2373\/revisions"}],"predecessor-version":[{"id":2375,"href":"http:\/\/wgphoto.pl\/t\/index.php?rest_route=\/wp\/v2\/posts\/2373\/revisions\/2375"}],"wp:featuredmedia":[{"embeddable":true,"href":"http:\/\/wgphoto.pl\/t\/index.php?rest_route=\/wp\/v2\/media\/2374"}],"wp:attachment":[{"href":"http:\/\/wgphoto.pl\/t\/index.php?rest_route=%2Fwp%2Fv2%2Fmedia&parent=2373"}],"wp:term":[{"taxonomy":"category","embeddable":true,"href":"http:\/\/wgphoto.pl\/t\/index.php?rest_route=%2Fwp%2Fv2%2Fcategories&post=2373"},{"taxonomy":"post_tag","embeddable":true,"href":"http:\/\/wgphoto.pl\/t\/index.php?rest_route=%2Fwp%2Fv2%2Ftags&post=2373"}],"curies":[{"name":"wp","href":"https:\/\/api.w.org\/{rel}","templated":true}]}}