{"id":2376,"date":"2024-10-12T11:31:52","date_gmt":"2024-10-12T09:31:52","guid":{"rendered":"https:\/\/wgphoto.pl\/t\/?p=2376"},"modified":"2024-10-12T11:31:52","modified_gmt":"2024-10-12T09:31:52","slug":"105na-470k","status":"publish","type":"post","link":"http:\/\/wgphoto.pl\/t\/?p=2376","title":{"rendered":"105Na 470K"},"content":{"rendered":"\n<figure class=\"wp-block-image aligncenter size-full\"><img loading=\"lazy\" decoding=\"async\" width=\"1200\" height=\"800\" src=\"https:\/\/wgphoto.pl\/t\/wp-content\/uploads\/2024\/10\/0711-14.jpg\" alt=\"\" class=\"wp-image-2377\" srcset=\"http:\/\/wgphoto.pl\/t\/wp-content\/uploads\/2024\/10\/0711-14.jpg 1200w, http:\/\/wgphoto.pl\/t\/wp-content\/uploads\/2024\/10\/0711-14-300x200.jpg 300w, http:\/\/wgphoto.pl\/t\/wp-content\/uploads\/2024\/10\/0711-14-768x512.jpg 768w\" sizes=\"auto, (max-width: 1200px) 100vw, 1200px\" \/><\/figure>\n\n\n\n<div class=\"wp-block-group has-global-padding is-layout-constrained wp-block-group-is-layout-constrained\">\n<p>Bytom, ul. Jagiello\u0144ska. Krakowski wagon w\u015br\u00f3d niemieckiej architektury &#8211; to jest mo\u017cliwe tylko w GOPie. To by\u0142 ci\u0119\u017cki okres w g\u00f3rno\u015bl\u0105skich tramwajach, gdy kupowano u\u017cywane wagony z Krakowa i przed wprowadzeniem do ruchu nie przemalowano ani nawet nie zmieniono numeru taborowego. Doklejone &#8222;K&#8221; mia\u0142o odr\u00f3\u017cni\u0107 ten w\u00f3z od dotychczasowego 470. 14.05.2007<\/p>\n<\/div>\n","protected":false},"excerpt":{"rendered":"<p>Bytom, ul. Jagiello\u0144ska. Krakowski wagon w\u015br\u00f3d niemieckiej architektury &#8211; to jest mo\u017cliwe tylko w GOPie. To by\u0142 ci\u0119\u017cki okres w g\u00f3rno\u015bl\u0105skich tramwajach, gdy kupowano u\u017cywane wagony z Krakowa i przed wprowadzeniem do ruchu nie przemalowano ani nawet nie zmieniono numeru taborowego. Doklejone &#8222;K&#8221; mia\u0142o odr\u00f3\u017cni\u0107 ten w\u00f3z od dotychczasowego 470. 14.05.2007<\/p>\n","protected":false},"author":1,"featured_media":2377,"comment_status":"open","ping_status":"","sticky":false,"template":"","format":"standard","meta":{"footnotes":""},"categories":[62,96,3],"tags":[155,1022,34,1232,277,27,279],"class_list":["post-2376","post","type-post","status-publish","format-standard","has-post-thumbnail","hentry","category-analog","category-rok-2007","category-tramwaj","tag-105na","tag-2007-05-14","tag-architektura","tag-bytom","tag-gop","tag-polska","tag-tramwaje-slaskie"],"_links":{"self":[{"href":"http:\/\/wgphoto.pl\/t\/index.php?rest_route=\/wp\/v2\/posts\/2376","targetHints":{"allow":["GET"]}}],"collection":[{"href":"http:\/\/wgphoto.pl\/t\/index.php?rest_route=\/wp\/v2\/posts"}],"about":[{"href":"http:\/\/wgphoto.pl\/t\/index.php?rest_route=\/wp\/v2\/types\/post"}],"author":[{"embeddable":true,"href":"http:\/\/wgphoto.pl\/t\/index.php?rest_route=\/wp\/v2\/users\/1"}],"replies":[{"embeddable":true,"href":"http:\/\/wgphoto.pl\/t\/index.php?rest_route=%2Fwp%2Fv2%2Fcomments&post=2376"}],"version-history":[{"count":1,"href":"http:\/\/wgphoto.pl\/t\/index.php?rest_route=\/wp\/v2\/posts\/2376\/revisions"}],"predecessor-version":[{"id":2378,"href":"http:\/\/wgphoto.pl\/t\/index.php?rest_route=\/wp\/v2\/posts\/2376\/revisions\/2378"}],"wp:featuredmedia":[{"embeddable":true,"href":"http:\/\/wgphoto.pl\/t\/index.php?rest_route=\/wp\/v2\/media\/2377"}],"wp:attachment":[{"href":"http:\/\/wgphoto.pl\/t\/index.php?rest_route=%2Fwp%2Fv2%2Fmedia&parent=2376"}],"wp:term":[{"taxonomy":"category","embeddable":true,"href":"http:\/\/wgphoto.pl\/t\/index.php?rest_route=%2Fwp%2Fv2%2Fcategories&post=2376"},{"taxonomy":"post_tag","embeddable":true,"href":"http:\/\/wgphoto.pl\/t\/index.php?rest_route=%2Fwp%2Fv2%2Ftags&post=2376"}],"curies":[{"name":"wp","href":"https:\/\/api.w.org\/{rel}","templated":true}]}}