{"id":2379,"date":"2024-10-12T11:33:02","date_gmt":"2024-10-12T09:33:02","guid":{"rendered":"https:\/\/wgphoto.pl\/t\/?p=2379"},"modified":"2025-07-30T00:33:15","modified_gmt":"2025-07-29T22:33:15","slug":"2379","status":"publish","type":"post","link":"http:\/\/wgphoto.pl\/t\/?p=2379","title":{"rendered":"Podwieczorek pod Tatrami"},"content":{"rendered":"\n<figure class=\"wp-block-image aligncenter size-full\"><img loading=\"lazy\" decoding=\"async\" width=\"1200\" height=\"795\" src=\"https:\/\/wgphoto.pl\/t\/wp-content\/uploads\/2024\/10\/IMGP4784.jpg\" alt=\"\" class=\"wp-image-2380\" srcset=\"http:\/\/wgphoto.pl\/t\/wp-content\/uploads\/2024\/10\/IMGP4784.jpg 1200w, http:\/\/wgphoto.pl\/t\/wp-content\/uploads\/2024\/10\/IMGP4784-300x199.jpg 300w, http:\/\/wgphoto.pl\/t\/wp-content\/uploads\/2024\/10\/IMGP4784-768x509.jpg 768w\" sizes=\"auto, (max-width: 1200px) 100vw, 1200px\" \/><\/figure>\n\n\n\n<div class=\"wp-block-group has-global-padding is-layout-constrained wp-block-group-is-layout-constrained\">\n<p>Poci\u0105g osobowy 8129 z Tatranskej Lomnicy do Popradu-Tatry wje\u017cd\u017ca na mijank\u0119 Ve\u013ek\u00fd Slavkov. Takie warunki o\u015bwietleniowe zapanowa\u0142y na godzin\u0119 przed zachodem s\u0142o\u0144ca. 15.08.2019<\/p>\n<\/div>\n","protected":false},"excerpt":{"rendered":"<p>Poci\u0105g osobowy 8129 z Tatranskej Lomnicy do Popradu-Tatry wje\u017cd\u017ca na mijank\u0119 Ve\u013ek\u00fd Slavkov. Takie warunki o\u015bwietleniowe zapanowa\u0142y na godzin\u0119 przed zachodem s\u0142o\u0144ca. 15.08.2019<\/p>\n","protected":false},"author":1,"featured_media":2380,"comment_status":"open","ping_status":"","sticky":false,"template":"","format":"standard","meta":{"footnotes":""},"categories":[2,136],"tags":[1163,1233,114,1186,1168,181,675,2523,1234,469],"class_list":["post-2379","post","type-post","status-publish","format-standard","has-post-thumbnail","hentry","category-kolej","category-rok-2019","tag-2019-08-15","tag-1233","tag-gory","tag-na-wsiadanego","tag-sierpniowka-2019","tag-slonce","tag-slowacja","tag-tez","tag-velky-slavkov","tag-zssk"],"_links":{"self":[{"href":"http:\/\/wgphoto.pl\/t\/index.php?rest_route=\/wp\/v2\/posts\/2379","targetHints":{"allow":["GET"]}}],"collection":[{"href":"http:\/\/wgphoto.pl\/t\/index.php?rest_route=\/wp\/v2\/posts"}],"about":[{"href":"http:\/\/wgphoto.pl\/t\/index.php?rest_route=\/wp\/v2\/types\/post"}],"author":[{"embeddable":true,"href":"http:\/\/wgphoto.pl\/t\/index.php?rest_route=\/wp\/v2\/users\/1"}],"replies":[{"embeddable":true,"href":"http:\/\/wgphoto.pl\/t\/index.php?rest_route=%2Fwp%2Fv2%2Fcomments&post=2379"}],"version-history":[{"count":2,"href":"http:\/\/wgphoto.pl\/t\/index.php?rest_route=\/wp\/v2\/posts\/2379\/revisions"}],"predecessor-version":[{"id":2384,"href":"http:\/\/wgphoto.pl\/t\/index.php?rest_route=\/wp\/v2\/posts\/2379\/revisions\/2384"}],"wp:featuredmedia":[{"embeddable":true,"href":"http:\/\/wgphoto.pl\/t\/index.php?rest_route=\/wp\/v2\/media\/2380"}],"wp:attachment":[{"href":"http:\/\/wgphoto.pl\/t\/index.php?rest_route=%2Fwp%2Fv2%2Fmedia&parent=2379"}],"wp:term":[{"taxonomy":"category","embeddable":true,"href":"http:\/\/wgphoto.pl\/t\/index.php?rest_route=%2Fwp%2Fv2%2Fcategories&post=2379"},{"taxonomy":"post_tag","embeddable":true,"href":"http:\/\/wgphoto.pl\/t\/index.php?rest_route=%2Fwp%2Fv2%2Ftags&post=2379"}],"curies":[{"name":"wp","href":"https:\/\/api.w.org\/{rel}","templated":true}]}}