{"id":2385,"date":"2024-10-13T12:09:05","date_gmt":"2024-10-13T10:09:05","guid":{"rendered":"https:\/\/wgphoto.pl\/t\/?p=2385"},"modified":"2025-06-08T13:15:58","modified_gmt":"2025-06-08T11:15:58","slug":"konca-nie-widac","status":"publish","type":"post","link":"http:\/\/wgphoto.pl\/t\/?p=2385","title":{"rendered":"Ko\u0144ca nie wida\u0107"},"content":{"rendered":"\n<figure class=\"wp-block-image aligncenter size-full\"><img loading=\"lazy\" decoding=\"async\" width=\"1299\" height=\"822\" src=\"https:\/\/wgphoto.pl\/t\/wp-content\/uploads\/2024\/10\/2002u-23_rsn.jpg\" alt=\"\" class=\"wp-image-2386\" srcset=\"http:\/\/wgphoto.pl\/t\/wp-content\/uploads\/2024\/10\/2002u-23_rsn.jpg 1299w, http:\/\/wgphoto.pl\/t\/wp-content\/uploads\/2024\/10\/2002u-23_rsn-300x190.jpg 300w, http:\/\/wgphoto.pl\/t\/wp-content\/uploads\/2024\/10\/2002u-23_rsn-768x486.jpg 768w\" sizes=\"auto, (max-width: 1299px) 100vw, 1299px\" \/><\/figure>\n\n\n\n<div class=\"wp-block-group has-global-padding is-layout-constrained wp-block-group-is-layout-constrained\">\n<p>SU46-008 z poci\u0105giem pospiesznym 63100 z Jeleniej G\u00f3ry i Stronia \u015al\u0105skiego do Krakowa G\u0142\u00f3wnego wje\u017cd\u017ca do Nysy. [31.08.2002]<\/p>\n<\/div>\n","protected":false},"excerpt":{"rendered":"<p>SU46-008 z poci\u0105giem pospiesznym 63100 z Jeleniej G\u00f3ry i Stronia \u015al\u0105skiego do Krakowa G\u0142\u00f3wnego wje\u017cd\u017ca do Nysy. [31.08.2002]<\/p>\n","protected":false},"author":1,"featured_media":2386,"comment_status":"open","ping_status":"","sticky":false,"template":"","format":"standard","meta":{"footnotes":""},"categories":[62,2,577],"tags":[1235,1236,63,27,84,319],"class_list":["post-2385","post","type-post","status-publish","format-standard","has-post-thumbnail","hentry","category-analog","category-kolej","category-rok-2002","tag-2002-08-31","tag-nysa","tag-pkp","tag-polska","tag-su46","tag-tab-pl235"],"_links":{"self":[{"href":"http:\/\/wgphoto.pl\/t\/index.php?rest_route=\/wp\/v2\/posts\/2385","targetHints":{"allow":["GET"]}}],"collection":[{"href":"http:\/\/wgphoto.pl\/t\/index.php?rest_route=\/wp\/v2\/posts"}],"about":[{"href":"http:\/\/wgphoto.pl\/t\/index.php?rest_route=\/wp\/v2\/types\/post"}],"author":[{"embeddable":true,"href":"http:\/\/wgphoto.pl\/t\/index.php?rest_route=\/wp\/v2\/users\/1"}],"replies":[{"embeddable":true,"href":"http:\/\/wgphoto.pl\/t\/index.php?rest_route=%2Fwp%2Fv2%2Fcomments&post=2385"}],"version-history":[{"count":1,"href":"http:\/\/wgphoto.pl\/t\/index.php?rest_route=\/wp\/v2\/posts\/2385\/revisions"}],"predecessor-version":[{"id":2387,"href":"http:\/\/wgphoto.pl\/t\/index.php?rest_route=\/wp\/v2\/posts\/2385\/revisions\/2387"}],"wp:featuredmedia":[{"embeddable":true,"href":"http:\/\/wgphoto.pl\/t\/index.php?rest_route=\/wp\/v2\/media\/2386"}],"wp:attachment":[{"href":"http:\/\/wgphoto.pl\/t\/index.php?rest_route=%2Fwp%2Fv2%2Fmedia&parent=2385"}],"wp:term":[{"taxonomy":"category","embeddable":true,"href":"http:\/\/wgphoto.pl\/t\/index.php?rest_route=%2Fwp%2Fv2%2Fcategories&post=2385"},{"taxonomy":"post_tag","embeddable":true,"href":"http:\/\/wgphoto.pl\/t\/index.php?rest_route=%2Fwp%2Fv2%2Ftags&post=2385"}],"curies":[{"name":"wp","href":"https:\/\/api.w.org\/{rel}","templated":true}]}}