{"id":2397,"date":"2024-10-13T12:13:35","date_gmt":"2024-10-13T10:13:35","guid":{"rendered":"https:\/\/wgphoto.pl\/t\/?p=2397"},"modified":"2024-10-13T12:13:35","modified_gmt":"2024-10-13T10:13:35","slug":"polowicznie-w-cieniu","status":"publish","type":"post","link":"http:\/\/wgphoto.pl\/t\/?p=2397","title":{"rendered":"Po\u0142owicznie w cieniu"},"content":{"rendered":"\n<figure class=\"wp-block-image aligncenter size-full\"><img loading=\"lazy\" decoding=\"async\" width=\"1300\" height=\"870\" src=\"https:\/\/wgphoto.pl\/t\/wp-content\/uploads\/2024\/10\/IMGP7562.jpg\" alt=\"\" class=\"wp-image-2398\" srcset=\"http:\/\/wgphoto.pl\/t\/wp-content\/uploads\/2024\/10\/IMGP7562.jpg 1300w, http:\/\/wgphoto.pl\/t\/wp-content\/uploads\/2024\/10\/IMGP7562-300x201.jpg 300w, http:\/\/wgphoto.pl\/t\/wp-content\/uploads\/2024\/10\/IMGP7562-768x514.jpg 768w\" sizes=\"auto, (max-width: 1300px) 100vw, 1300px\" \/><\/figure>\n\n\n\n<div class=\"wp-block-group has-global-padding is-layout-constrained wp-block-group-is-layout-constrained\">\n<p>Brno, Ob\u0159ansk\u00e1 ul. Vario LFR.E nr 1554 jako zwyczajowe w\u00f3wczas solo na linii 4 chwil\u0119 po odje\u017adzie z p\u0119tli przy ul. Babickiej. G\u00f3r\u0105 prowadzi &#8222;po\u0142udniowa&#8221; linia kolejowa do Pragi przez Vyso\u010din\u0119. [21.07.2009]<\/p>\n<\/div>\n","protected":false},"excerpt":{"rendered":"<p>Brno, Ob\u0159ansk\u00e1 ul. Vario LFR.E nr 1554 jako zwyczajowe w\u00f3wczas solo na linii 4 chwil\u0119 po odje\u017adzie z p\u0119tli przy ul. Babickiej. G\u00f3r\u0105 prowadzi &#8222;po\u0142udniowa&#8221; linia kolejowa do Pragi przez Vyso\u010din\u0119. [21.07.2009]<\/p>\n","protected":false},"author":1,"featured_media":2398,"comment_status":"open","ping_status":"","sticky":false,"template":"","format":"standard","meta":{"footnotes":""},"categories":[169,3],"tags":[1244,328,49,330,45,1243],"class_list":["post-2397","post","type-post","status-publish","format-standard","has-post-thumbnail","hentry","category-rok-2009","category-tramwaj","tag-2009-07-21","tag-brno","tag-czechy","tag-dpmb-brno","tag-most","tag-vario-lf"],"_links":{"self":[{"href":"http:\/\/wgphoto.pl\/t\/index.php?rest_route=\/wp\/v2\/posts\/2397","targetHints":{"allow":["GET"]}}],"collection":[{"href":"http:\/\/wgphoto.pl\/t\/index.php?rest_route=\/wp\/v2\/posts"}],"about":[{"href":"http:\/\/wgphoto.pl\/t\/index.php?rest_route=\/wp\/v2\/types\/post"}],"author":[{"embeddable":true,"href":"http:\/\/wgphoto.pl\/t\/index.php?rest_route=\/wp\/v2\/users\/1"}],"replies":[{"embeddable":true,"href":"http:\/\/wgphoto.pl\/t\/index.php?rest_route=%2Fwp%2Fv2%2Fcomments&post=2397"}],"version-history":[{"count":1,"href":"http:\/\/wgphoto.pl\/t\/index.php?rest_route=\/wp\/v2\/posts\/2397\/revisions"}],"predecessor-version":[{"id":2399,"href":"http:\/\/wgphoto.pl\/t\/index.php?rest_route=\/wp\/v2\/posts\/2397\/revisions\/2399"}],"wp:featuredmedia":[{"embeddable":true,"href":"http:\/\/wgphoto.pl\/t\/index.php?rest_route=\/wp\/v2\/media\/2398"}],"wp:attachment":[{"href":"http:\/\/wgphoto.pl\/t\/index.php?rest_route=%2Fwp%2Fv2%2Fmedia&parent=2397"}],"wp:term":[{"taxonomy":"category","embeddable":true,"href":"http:\/\/wgphoto.pl\/t\/index.php?rest_route=%2Fwp%2Fv2%2Fcategories&post=2397"},{"taxonomy":"post_tag","embeddable":true,"href":"http:\/\/wgphoto.pl\/t\/index.php?rest_route=%2Fwp%2Fv2%2Ftags&post=2397"}],"curies":[{"name":"wp","href":"https:\/\/api.w.org\/{rel}","templated":true}]}}