{"id":2406,"date":"2024-10-13T12:17:47","date_gmt":"2024-10-13T10:17:47","guid":{"rendered":"https:\/\/wgphoto.pl\/t\/?p=2406"},"modified":"2024-10-13T12:17:47","modified_gmt":"2024-10-13T10:17:47","slug":"wyjazd-z-teatralnej","status":"publish","type":"post","link":"http:\/\/wgphoto.pl\/t\/?p=2406","title":{"rendered":"Wyjazd z Teatralnej"},"content":{"rendered":"\n<figure class=\"wp-block-image aligncenter size-full\"><img loading=\"lazy\" decoding=\"async\" width=\"750\" height=\"1000\" src=\"https:\/\/wgphoto.pl\/t\/wp-content\/uploads\/2024\/10\/2002t-25_rsn.jpg\" alt=\"\" class=\"wp-image-2407\" srcset=\"http:\/\/wgphoto.pl\/t\/wp-content\/uploads\/2024\/10\/2002t-25_rsn.jpg 750w, http:\/\/wgphoto.pl\/t\/wp-content\/uploads\/2024\/10\/2002t-25_rsn-225x300.jpg 225w\" sizes=\"auto, (max-width: 750px) 100vw, 750px\" \/><\/figure>\n\n\n\n<div class=\"wp-block-group has-global-padding is-layout-constrained wp-block-group-is-layout-constrained\">\n<p>105Na 2544+2545 na skrzy\u017cowaniu ul. Teatralnej z Piotra Skargi we Wroc\u0142awiu, jeszcze bez sygnalizacji \u015bwietlnej. [23.08.2002]<\/p>\n<\/div>\n","protected":false},"excerpt":{"rendered":"<p>105Na 2544+2545 na skrzy\u017cowaniu ul. Teatralnej z Piotra Skargi we Wroc\u0142awiu, jeszcze bez sygnalizacji \u015bwietlnej. [23.08.2002]<\/p>\n","protected":false},"author":1,"featured_media":2407,"comment_status":"open","ping_status":"","sticky":false,"template":"","format":"standard","meta":{"footnotes":""},"categories":[62,128,577,3],"tags":[155,1247,42,27,41],"class_list":["post-2406","post","type-post","status-publish","format-standard","has-post-thumbnail","hentry","category-analog","category-pionowe","category-rok-2002","category-tramwaj","tag-105na","tag-2002-08-23","tag-mpk-wroclaw","tag-polska","tag-wroclaw"],"_links":{"self":[{"href":"http:\/\/wgphoto.pl\/t\/index.php?rest_route=\/wp\/v2\/posts\/2406","targetHints":{"allow":["GET"]}}],"collection":[{"href":"http:\/\/wgphoto.pl\/t\/index.php?rest_route=\/wp\/v2\/posts"}],"about":[{"href":"http:\/\/wgphoto.pl\/t\/index.php?rest_route=\/wp\/v2\/types\/post"}],"author":[{"embeddable":true,"href":"http:\/\/wgphoto.pl\/t\/index.php?rest_route=\/wp\/v2\/users\/1"}],"replies":[{"embeddable":true,"href":"http:\/\/wgphoto.pl\/t\/index.php?rest_route=%2Fwp%2Fv2%2Fcomments&post=2406"}],"version-history":[{"count":1,"href":"http:\/\/wgphoto.pl\/t\/index.php?rest_route=\/wp\/v2\/posts\/2406\/revisions"}],"predecessor-version":[{"id":2408,"href":"http:\/\/wgphoto.pl\/t\/index.php?rest_route=\/wp\/v2\/posts\/2406\/revisions\/2408"}],"wp:featuredmedia":[{"embeddable":true,"href":"http:\/\/wgphoto.pl\/t\/index.php?rest_route=\/wp\/v2\/media\/2407"}],"wp:attachment":[{"href":"http:\/\/wgphoto.pl\/t\/index.php?rest_route=%2Fwp%2Fv2%2Fmedia&parent=2406"}],"wp:term":[{"taxonomy":"category","embeddable":true,"href":"http:\/\/wgphoto.pl\/t\/index.php?rest_route=%2Fwp%2Fv2%2Fcategories&post=2406"},{"taxonomy":"post_tag","embeddable":true,"href":"http:\/\/wgphoto.pl\/t\/index.php?rest_route=%2Fwp%2Fv2%2Ftags&post=2406"}],"curies":[{"name":"wp","href":"https:\/\/api.w.org\/{rel}","templated":true}]}}