{"id":2412,"date":"2024-10-13T12:22:36","date_gmt":"2024-10-13T10:22:36","guid":{"rendered":"https:\/\/wgphoto.pl\/t\/?p=2412"},"modified":"2024-10-13T16:20:38","modified_gmt":"2024-10-13T14:20:38","slug":"siano-w-sacel","status":"publish","type":"post","link":"http:\/\/wgphoto.pl\/t\/?p=2412","title":{"rendered":"Siano w S\u0103cel"},"content":{"rendered":"\n<figure class=\"wp-block-image aligncenter size-full\"><img loading=\"lazy\" decoding=\"async\" width=\"1300\" height=\"861\" src=\"https:\/\/wgphoto.pl\/t\/wp-content\/uploads\/2024\/10\/IMGP7179.jpg\" alt=\"\" class=\"wp-image-2413\" srcset=\"http:\/\/wgphoto.pl\/t\/wp-content\/uploads\/2024\/10\/IMGP7179.jpg 1300w, http:\/\/wgphoto.pl\/t\/wp-content\/uploads\/2024\/10\/IMGP7179-300x199.jpg 300w, http:\/\/wgphoto.pl\/t\/wp-content\/uploads\/2024\/10\/IMGP7179-768x509.jpg 768w\" sizes=\"auto, (max-width: 1300px) 100vw, 1300px\" \/><\/figure>\n\n\n\n<div class=\"wp-block-group has-global-padding is-layout-constrained wp-block-group-is-layout-constrained\">\n<p>Lokomotywa serii 64 z poci\u0105giem R4114 relacji Cluj-Napoca &#8211; Vi\u015feu de Jos przeje\u017cd\u017ca przez jeden z kilku wiadukt\u00f3w w miejscowo\u015bci S\u0103cel, a konkretniej na odcinku do Izy. [20.05.2024]<\/p>\n<\/div>\n","protected":false},"excerpt":{"rendered":"<p>Lokomotywa serii 64 z poci\u0105giem R4114 relacji Cluj-Napoca &#8211; Vi\u015feu de Jos przeje\u017cd\u017ca przez jeden z kilku wiadukt\u00f3w w miejscowo\u015bci S\u0103cel, a konkretniej na odcinku do Izy. [20.05.2024]<\/p>\n","protected":false},"author":1,"featured_media":2413,"comment_status":"open","ping_status":"","sticky":false,"template":"","format":"standard","meta":{"footnotes":""},"categories":[2,5],"tags":[1300,961,958,1248,45,574,1249],"class_list":["post-2412","post","type-post","status-publish","format-standard","has-post-thumbnail","hentry","category-kolej","category-2024r","tag-2024-05-20","tag-961","tag-cfr","tag-druga-majowka-2024","tag-most","tag-rumunia","tag-sacel"],"_links":{"self":[{"href":"http:\/\/wgphoto.pl\/t\/index.php?rest_route=\/wp\/v2\/posts\/2412","targetHints":{"allow":["GET"]}}],"collection":[{"href":"http:\/\/wgphoto.pl\/t\/index.php?rest_route=\/wp\/v2\/posts"}],"about":[{"href":"http:\/\/wgphoto.pl\/t\/index.php?rest_route=\/wp\/v2\/types\/post"}],"author":[{"embeddable":true,"href":"http:\/\/wgphoto.pl\/t\/index.php?rest_route=\/wp\/v2\/users\/1"}],"replies":[{"embeddable":true,"href":"http:\/\/wgphoto.pl\/t\/index.php?rest_route=%2Fwp%2Fv2%2Fcomments&post=2412"}],"version-history":[{"count":1,"href":"http:\/\/wgphoto.pl\/t\/index.php?rest_route=\/wp\/v2\/posts\/2412\/revisions"}],"predecessor-version":[{"id":2414,"href":"http:\/\/wgphoto.pl\/t\/index.php?rest_route=\/wp\/v2\/posts\/2412\/revisions\/2414"}],"wp:featuredmedia":[{"embeddable":true,"href":"http:\/\/wgphoto.pl\/t\/index.php?rest_route=\/wp\/v2\/media\/2413"}],"wp:attachment":[{"href":"http:\/\/wgphoto.pl\/t\/index.php?rest_route=%2Fwp%2Fv2%2Fmedia&parent=2412"}],"wp:term":[{"taxonomy":"category","embeddable":true,"href":"http:\/\/wgphoto.pl\/t\/index.php?rest_route=%2Fwp%2Fv2%2Fcategories&post=2412"},{"taxonomy":"post_tag","embeddable":true,"href":"http:\/\/wgphoto.pl\/t\/index.php?rest_route=%2Fwp%2Fv2%2Ftags&post=2412"}],"curies":[{"name":"wp","href":"https:\/\/api.w.org\/{rel}","templated":true}]}}